{"id":2278,"date":"2016-03-03T10:01:40","date_gmt":"2016-03-03T07:01:40","guid":{"rendered":"http:\/\/blog.lnb.lt\/lituanikosskyrius\/?p=2278"},"modified":"2016-03-03T10:04:55","modified_gmt":"2016-03-03T07:04:55","slug":"tarptautine-rasytoju-diena","status":"publish","type":"post","link":"https:\/\/blog.lnb.lt\/lituanistika\/2016\/03\/03\/tarptautine-rasytoju-diena\/","title":{"rendered":"Tarptautin\u0117 ra\u0161ytoj\u0173 diena"},"content":{"rendered":"<figure id=\"attachment_1248\" aria-describedby=\"caption-attachment-1248\" style=\"width: 266px\" class=\"wp-caption alignright\"><img loading=\"lazy\" decoding=\"async\" class=\"size-full wp-image-1248\" src=\"http:\/\/blog.lnb.lt\/lituanikosskyrius\/files\/2013\/06\/Ceslovas-Milosas.jpg\" alt=\"\u010ceslovas Milo\u0161as 1911 m. bir\u017eelio 30 d. - 2004 m. rugpj\u016b\u010dio 14 d.\" width=\"266\" height=\"252\" srcset=\"https:\/\/blog.lnb.lt\/lituanistika\/files\/2013\/06\/Ceslovas-Milosas.jpg 266w, https:\/\/blog.lnb.lt\/lituanistika\/files\/2013\/06\/Ceslovas-Milosas-250x236.jpg 250w\" sizes=\"auto, (max-width: 266px) 85vw, 266px\" \/><figcaption id=\"caption-attachment-1248\" class=\"wp-caption-text\">\u010ceslovas Milo\u0161as<\/p>\n<p><\/figcaption><\/figure>\n<p>Kovo tre\u010dioji \u2013 tarptautin\u0117 ra\u0161ytoj\u0173 diena. Sveikiname!<\/p>\n<p><strong>\u010ceslovas Milo\u0161as<\/strong><\/p>\n<p><em>Filologija<\/em><\/p>\n<p>B\u0117ga pakyl\u0117j\u0119s \u017eieminio apsiausto skvern\u0105.<br \/>\nKojin\u0117ti kulk\u0161neliai, varnos ir sniegas.<br \/>\nPagavo ir turi. Laiko l\u016bpose. \u017dod\u012f.<br \/>\nI\u0161girst\u0105 vaikyst\u0117j prie gimtosios up\u0117s,<br \/>\nKur luotai nendr\u0117se, lieptai, lazdynai<br \/>\nIr dyg\u016bs medini\u0173 pirki\u0173 stogai.<br \/>\nPro alumnato arkas b\u0117ga savo cel\u0117n<br \/>\n\u017d\u0105sies plunksna \u012ftraukti \u012f rejestr\u0105 greta<br \/>\nLotyni\u0161k\u0173 \u017eod\u017ei\u0173. Kosti. Malkos tra\u0161ka<br \/>\n\u017didiny. Ir Academia Societatis Jesu<br \/>\nSklend\u017eia vir\u0161 gatvi\u0173, ir angelai<br \/>\n\u012esik\u016bnija \u012f gips\u0105 ir akmen\u012f, modo Barocco.<br \/>\nSu prakaito d\u0117m\u0117m po pa\u017eastim, kiek mar\u0161kini\u0173,<br \/>\nSijon\u0173, slepian\u010di\u0173 tamsius \u016bksmingus klubus,<br \/>\nIr apatini\u0173, kartos apatini\u0173, liemeni\u0173,<br \/>\nKelni\u0173, durtini\u0173, serm\u0117g\u0173 ant pliko k\u016bno!<br \/>\nD\u016bdos ir smuikai, \u0161oko \u017eolynuos.<br \/>\n\u0160nab\u017edesiai, prisilietimai, pas k\u0105 \u017eydi \u017eiedas.<br \/>\nO visi jie mok\u0117jo tuos pa\u010dius \u017eod\u017eius,<br \/>\nKurie tebegyvena, jiems kadai kada i\u0161mirus,<br \/>\nTarsi b\u016bt\u0173 ne \u017eem\u0117j, ne nakty, ne k\u016bne<br \/>\nU\u017egim\u0119, bet i\u0161 eterio kunigaik\u0161tij\u0173<br \/>\nLankyt\u0173 j\u012f ir j\u0105, senel\u012f, vaik\u0105,<br \/>\nPaklus\u0119 savosioms tiesoms, genityvui, datyvui,<br \/>\nPrielinksnio tarnyst\u0117je per am\u017eius.<br \/>\nAtver\u010diu \u017eodyn\u0105 tarsi \u0161auk\u010diau sielas,<br \/>\n\u012eker\u0117tas lapuose \u012f nebyl\u0173 gars\u0105,<br \/>\nIr bandau \u012f\u017evelgti j\u012f, kuris myl\u0117jo,<br \/>\nKad ma\u017eiau mane sl\u0117gt\u0173 mano nemirtingumas.<\/p>\n<p>Vert\u0117 Tomas Venclova<\/p>\n","protected":false},"excerpt":{"rendered":"<p>Kovo tre\u010dioji \u2013 tarptautin\u0117 ra\u0161ytoj\u0173 diena. Sveikiname! \u010ceslovas Milo\u0161as Filologija B\u0117ga pakyl\u0117j\u0119s \u017eieminio apsiausto skvern\u0105. Kojin\u0117ti kulk\u0161neliai, varnos ir sniegas. Pagavo ir turi. Laiko l\u016bpose. \u017dod\u012f. I\u0161girst\u0105 vaikyst\u0117j prie gimtosios up\u0117s, Kur luotai nendr\u0117se, lieptai, lazdynai Ir dyg\u016bs medini\u0173 pirki\u0173 stogai. Pro alumnato arkas b\u0117ga savo cel\u0117n \u017d\u0105sies plunksna \u012ftraukti \u012f rejestr\u0105 greta Lotyni\u0161k\u0173 \u017eod\u017ei\u0173. &hellip; <a href=\"https:\/\/blog.lnb.lt\/lituanistika\/2016\/03\/03\/tarptautine-rasytoju-diena\/\" class=\"more-link\">Toliau skaityti<span class=\"screen-reader-text\"> &#8222;Tarptautin\u0117 ra\u0161ytoj\u0173 diena&#8221;<\/span><\/a><\/p>\n","protected":false},"author":6,"featured_media":0,"comment_status":"open","ping_status":"open","sticky":false,"template":"","format":"standard","meta":{"inline_featured_image":false,"footnotes":""},"categories":[648],"tags":[],"class_list":["post-2278","post","type-post","status-publish","format-standard","hentry","category-be-kategorijos-lt"],"_links":{"self":[{"href":"https:\/\/blog.lnb.lt\/lituanistika\/wp-json\/wp\/v2\/posts\/2278","targetHints":{"allow":["GET"]}}],"collection":[{"href":"https:\/\/blog.lnb.lt\/lituanistika\/wp-json\/wp\/v2\/posts"}],"about":[{"href":"https:\/\/blog.lnb.lt\/lituanistika\/wp-json\/wp\/v2\/types\/post"}],"author":[{"embeddable":true,"href":"https:\/\/blog.lnb.lt\/lituanistika\/wp-json\/wp\/v2\/users\/6"}],"replies":[{"embeddable":true,"href":"https:\/\/blog.lnb.lt\/lituanistika\/wp-json\/wp\/v2\/comments?post=2278"}],"version-history":[{"count":0,"href":"https:\/\/blog.lnb.lt\/lituanistika\/wp-json\/wp\/v2\/posts\/2278\/revisions"}],"wp:attachment":[{"href":"https:\/\/blog.lnb.lt\/lituanistika\/wp-json\/wp\/v2\/media?parent=2278"}],"wp:term":[{"taxonomy":"category","embeddable":true,"href":"https:\/\/blog.lnb.lt\/lituanistika\/wp-json\/wp\/v2\/categories?post=2278"},{"taxonomy":"post_tag","embeddable":true,"href":"https:\/\/blog.lnb.lt\/lituanistika\/wp-json\/wp\/v2\/tags?post=2278"}],"curies":[{"name":"wp","href":"https:\/\/api.w.org\/{rel}","templated":true}]}}