{"id":2966,"date":"2017-08-01T13:28:49","date_gmt":"2017-08-01T10:28:49","guid":{"rendered":"http:\/\/blog.lnb.lt\/lituanistika\/?p=2966"},"modified":"2017-08-01T13:28:49","modified_gmt":"2017-08-01T10:28:49","slug":"pokalbiai-apie-emigracija-bus-pristatyti-ifla-satelitineje-konferencijoje","status":"publish","type":"post","link":"https:\/\/blog.lnb.lt\/lituanistika\/2017\/08\/01\/pokalbiai-apie-emigracija-bus-pristatyti-ifla-satelitineje-konferencijoje\/","title":{"rendered":"\u201ePokalbiai apie emigracij\u0105\u201c bus pristatyti IFLA satelitin\u0117je konferencijoje"},"content":{"rendered":"<figure id=\"attachment_1993\" aria-describedby=\"caption-attachment-1993\" style=\"width: 251px\" class=\"wp-caption alignleft\"><img loading=\"lazy\" decoding=\"async\" class=\" wp-image-1993\" src=\"http:\/\/blog.lnb.lt\/lituanistika\/files\/2015\/02\/Dalia.jpg\" alt=\"\" width=\"251\" height=\"167\" srcset=\"https:\/\/blog.lnb.lt\/lituanistika\/files\/2015\/02\/Dalia.jpg 448w, https:\/\/blog.lnb.lt\/lituanistika\/files\/2015\/02\/Dalia-250x167.jpg 250w, https:\/\/blog.lnb.lt\/lituanistika\/files\/2015\/02\/Dalia-300x200.jpg 300w, https:\/\/blog.lnb.lt\/lituanistika\/files\/2015\/02\/Dalia-133x89.jpg 133w\" sizes=\"auto, (max-width: 251px) 85vw, 251px\" \/><figcaption id=\"caption-attachment-1993\" class=\"wp-caption-text\">Dr. Dalia Cidzikait\u0117<\/figcaption><\/figure>\n<p>Art\u0117ja didysis viso pasaulio bibliotekinink\u0173 renginys \u2013 IFLA konferencija, \u00a0kuri rugpj\u016b\u010dio 19-25 d. vyks kaimynin\u0117je Lenkijoje, Vroclave. Satelitin\u0117 konferencija \u00a0rugpj\u016b\u010dio 16-17 d. \u00a0vyks pas mus, Lietuvos nacionalin\u0117je Martyno Ma\u017evydo bibliotekoje. Prane\u0161im\u0105 apie sakytin\u0117s istorijos metod\u0105, taikyt\u0105 projekte \u201ePokalbiai apie emigracij\u0105\u201c, joje skaitys m\u016bs\u0173 koleg\u0117, Nacionalin\u0117s bibliotekos DPTD Lituanistikos skyriaus tyr\u0117ja dr. <strong>Dalia Cidzikait\u0117<\/strong> .<\/p>\n<hr \/>\n<p>Daugiau apie konferencij\u0105 ir prane\u0161im\u0105: <a href=\"http:\/\/library.ifla.org\/1700\/\">http:\/\/library.ifla.org\/1700\/<\/a><\/p>\n","protected":false},"excerpt":{"rendered":"<p>Art\u0117ja didysis viso pasaulio bibliotekinink\u0173 renginys \u2013 IFLA konferencija, \u00a0kuri rugpj\u016b\u010dio 19-25 d. vyks kaimynin\u0117je Lenkijoje, Vroclave. Satelitin\u0117 konferencija \u00a0rugpj\u016b\u010dio 16-17 d. \u00a0vyks pas mus, Lietuvos nacionalin\u0117je Martyno Ma\u017evydo bibliotekoje. Prane\u0161im\u0105 apie sakytin\u0117s istorijos metod\u0105, taikyt\u0105 projekte \u201ePokalbiai apie emigracij\u0105\u201c, joje skaitys m\u016bs\u0173 koleg\u0117, Nacionalin\u0117s bibliotekos DPTD Lituanistikos skyriaus tyr\u0117ja dr. Dalia Cidzikait\u0117 . Daugiau &hellip; <a href=\"https:\/\/blog.lnb.lt\/lituanistika\/2017\/08\/01\/pokalbiai-apie-emigracija-bus-pristatyti-ifla-satelitineje-konferencijoje\/\" class=\"more-link\">Toliau skaityti<span class=\"screen-reader-text\"> &#8222;\u201ePokalbiai apie emigracij\u0105\u201c bus pristatyti IFLA satelitin\u0117je konferencijoje&#8221;<\/span><\/a><\/p>\n","protected":false},"author":6,"featured_media":0,"comment_status":"open","ping_status":"open","sticky":false,"template":"","format":"standard","meta":{"inline_featured_image":false,"footnotes":""},"categories":[1793],"tags":[503,1345,1239,1617,718],"class_list":["post-2966","post","type-post","status-publish","format-standard","hentry","category-pokalbiai-apie-emigracija-2","tag-dalia-cidzikaite","tag-ifla-konferencija","tag-pokalbiai-apie-emigracija","tag-pokalbiai-apie-emigracija-2","tag-sakytine-istorija"],"_links":{"self":[{"href":"https:\/\/blog.lnb.lt\/lituanistika\/wp-json\/wp\/v2\/posts\/2966","targetHints":{"allow":["GET"]}}],"collection":[{"href":"https:\/\/blog.lnb.lt\/lituanistika\/wp-json\/wp\/v2\/posts"}],"about":[{"href":"https:\/\/blog.lnb.lt\/lituanistika\/wp-json\/wp\/v2\/types\/post"}],"author":[{"embeddable":true,"href":"https:\/\/blog.lnb.lt\/lituanistika\/wp-json\/wp\/v2\/users\/6"}],"replies":[{"embeddable":true,"href":"https:\/\/blog.lnb.lt\/lituanistika\/wp-json\/wp\/v2\/comments?post=2966"}],"version-history":[{"count":0,"href":"https:\/\/blog.lnb.lt\/lituanistika\/wp-json\/wp\/v2\/posts\/2966\/revisions"}],"wp:attachment":[{"href":"https:\/\/blog.lnb.lt\/lituanistika\/wp-json\/wp\/v2\/media?parent=2966"}],"wp:term":[{"taxonomy":"category","embeddable":true,"href":"https:\/\/blog.lnb.lt\/lituanistika\/wp-json\/wp\/v2\/categories?post=2966"},{"taxonomy":"post_tag","embeddable":true,"href":"https:\/\/blog.lnb.lt\/lituanistika\/wp-json\/wp\/v2\/tags?post=2966"}],"curies":[{"name":"wp","href":"https:\/\/api.w.org\/{rel}","templated":true}]}}