{"id":3006,"date":"2017-09-18T11:35:31","date_gmt":"2017-09-18T08:35:31","guid":{"rendered":"http:\/\/blog.lnb.lt\/lituanistika\/?p=3006"},"modified":"2017-09-18T11:35:31","modified_gmt":"2017-09-18T08:35:31","slug":"po-tomo-venclovos-jubiliejinio-vakaro-diskusijos-atgarsiai-ziniasklaidoje","status":"publish","type":"post","link":"https:\/\/blog.lnb.lt\/lituanistika\/2017\/09\/18\/po-tomo-venclovos-jubiliejinio-vakaro-diskusijos-atgarsiai-ziniasklaidoje\/","title":{"rendered":"Po Tomo Venclovos jubiliejinio vakaro-diskusijos: atgarsiai \u017einiasklaidoje"},"content":{"rendered":"<p>Rugs\u0117jo 11 d. Lietuvos nacionalin\u0117je Martyno Ma\u017evydo bibliotekoje \u012fvykusi diskusija <strong>\u201eApie vilt\u012f, laik\u0105 ir poezij\u0105. Dialogas su Tomu Venclova\u201c<\/strong>, surengta minint T.\u00a0 Venclovos 80-met\u012f,\u00a0 sulauk\u0117 didelio visuomen\u0117s ir \u017einiasklaidos d\u0117mesio. Dalinam\u0117s\u00a0 pirmaisiais jubiliejaus-diskusijos atgarsiais: daugelio pageidautu renginio \u012fra\u0161u, reporta\u017eais bei \u012fvairaus pob\u016bd\u017eio tekstais.<\/p>\n<hr \/>\n<p><strong>Jubiliejinis Tomo Venclovos renginys: video \u012fra\u0161as<\/strong><\/p>\n<p><iframe loading=\"lazy\" title=\"Jubiliejinis Tomo Venclovos renginys\" width=\"840\" height=\"473\" src=\"https:\/\/www.youtube.com\/embed\/wWOtmyvKEAQ?feature=oembed\" frameborder=\"0\" allow=\"accelerometer; autoplay; encrypted-media; gyroscope; picture-in-picture\" allowfullscreen><\/iframe><\/p>\n<hr \/>\n<p><strong><img loading=\"lazy\" decoding=\"async\" class=\"alignleft size-thumbnail wp-image-3007\" src=\"http:\/\/blog.lnb.lt\/lituanistika\/files\/2017\/09\/lrt_lt_logo-1-250x250.jpg\" alt=\"\" width=\"250\" height=\"250\" srcset=\"https:\/\/blog.lnb.lt\/lituanistika\/files\/2017\/09\/lrt_lt_logo-1-250x250.jpg 250w, https:\/\/blog.lnb.lt\/lituanistika\/files\/2017\/09\/lrt_lt_logo-1-300x300.jpg 300w, https:\/\/blog.lnb.lt\/lituanistika\/files\/2017\/09\/lrt_lt_logo-1.jpg 400w\" sizes=\"auto, (max-width: 250px) 85vw, 250px\" \/>LRT, Panorama: \u00a0Venclova jubiliej\u0173 \u0161vent\u0117 sausakim\u0161oje bibliotekos sal\u0117je<\/strong><\/p>\n<blockquote><p>Pirmadienio vakar\u0105 Nacionalin\u0117je Martyno Ma\u017evydo bibliotekoje, kur vyko poeto jubiliejinis vakaras, buvo sausakim\u0161a. Visi norintieji pasiklausyti T. Venclovos netilpo sal\u0117je ir klaus\u0117si pokalbio bibliotekos vestibiulyje.<\/p>\n<p><em><a href=\"http:\/\/www.lrt.lt\/naujienos\/kultura\/26\/185987\/t_venclova_jubilieju_svente_sausakimsoje_bibliotekos_saleje#wowzaplaystart=478000&amp;wowzaplayduration=207000\" target=\"_blank\" rel=\"noopener\"><strong>Reporta\u017eas &gt;&gt;<\/strong><\/a><\/em><\/p><\/blockquote>\n<p>&nbsp;<\/p>\n<hr \/>\n<p><strong><img loading=\"lazy\" decoding=\"async\" class=\"alignright size-thumbnail wp-image-3008\" src=\"http:\/\/blog.lnb.lt\/lituanistika\/files\/2017\/09\/15Green_CMYK-250x250.png\" alt=\"\" width=\"250\" height=\"250\" srcset=\"https:\/\/blog.lnb.lt\/lituanistika\/files\/2017\/09\/15Green_CMYK-250x250.png 250w, https:\/\/blog.lnb.lt\/lituanistika\/files\/2017\/09\/15Green_CMYK-300x300.png 300w, https:\/\/blog.lnb.lt\/lituanistika\/files\/2017\/09\/15Green_CMYK-768x768.png 768w, https:\/\/blog.lnb.lt\/lituanistika\/files\/2017\/09\/15Green_CMYK.png 1000w\" sizes=\"auto, (max-width: 250px) 85vw, 250px\" \/>15min: Justina Rimkut\u0117. Tomas Venclova: \u201eI\u0161 dviej\u0173 pilietybi\u0173, kurias turiu, labiau did\u017eiuojuosi lietuvi\u0161k\u0105ja\u201c<\/strong><\/p>\n<blockquote><p>Poetas T.Venclova, diskusijos prad\u017eioje sak\u0117: \u201eSusirinko daugiau \u017emoni\u0173, nei tik\u0117jausi. 80 met\u0173 n\u0117ra pats linksmiausias am\u017eius, jei kartais bus 90 met\u0173 jubiliejus \u2013 bijau, kad b\u016bsiu blogesn\u0117s fizin\u0117s ir psichologin\u0117s b\u016bkl\u0117s. O dabar \u2013 ra\u0161au diena i\u0161 dienos. Dalyvauju literat\u016bros vakaruose ne tik Lietuvoje, bet ir kitose \u0161alyse.\u201c<\/p>\n<p><em><strong><a href=\"https:\/\/www.15min.lt\/kultura\/naujiena\/literatura\/tomas-venclova-is-dvieju-pilietybiu-kurias-turiu-labiau-didziuojuosi-lietuviskaja-286-851996#_\" target=\"_blank\" rel=\"noopener\"> Visas tekstas \u00a0&gt;&gt;\u00a0<\/a><\/strong><\/em><\/p><\/blockquote>\n<hr \/>\n<p><strong>Bernardinai: Donatas Puslys. Tomas Venclova kaip paribio \u017emogus<\/strong><\/p>\n<blockquote>\n<figure id=\"attachment_2997\" aria-describedby=\"caption-attachment-2997\" style=\"width: 200px\" class=\"wp-caption alignright\"><img loading=\"lazy\" decoding=\"async\" class=\"size-full wp-image-2997\" src=\"http:\/\/blog.lnb.lt\/lituanistika\/files\/2017\/09\/miniDonatas.jpg\" alt=\"\" width=\"200\" height=\"199\" \/><figcaption id=\"caption-attachment-2997\" class=\"wp-caption-text\">Portalo \u201eBernardinai\u201c vyr. redaktorius Donatas Puslys.<\/figcaption><\/figure>\n<p>&nbsp;<\/p>\n<p>Vaik\u0161tin\u0117jant po Nobelio premijos laureat\u0105 Czeslaw\u0105 Milosz\u0105 menant\u012f Krasnogr\u016bdos dvar\u0105, galima u\u017etikti al\u0117j\u0105, kurioje \u012fam\u017eintos tokios asmenyb\u0117s kaip Arvo Partas, Jerzy Ficowskis, Claudio Magris, Bohdanas Osad\u010dukas. Tarp j\u0173 ir Tomas Venclova. Visi jie \u2013 Paribio \u017emogaus titulo laureatai, savo veikla \u012fk\u016bnij\u0119 pastang\u0105 tiesti tiltus tarp skirting\u0173 taut\u0173, kult\u016br\u0173, religij\u0173, socialini\u0173 grupi\u0173.<\/p>\n<p><em><a href=\"http:\/\/www.bernardinai.lt\/straipsnis\/2017-09-14-tomas-venclova-kaip-paribio-zmogus\/163723\" target=\"_blank\" rel=\"noopener\"><strong>Visas tekstas &gt;&gt;\u00a0<\/strong><\/a><\/em><\/p><\/blockquote>\n<p><strong><img loading=\"lazy\" decoding=\"async\" class=\"alignleft size-full wp-image-3009\" src=\"http:\/\/blog.lnb.lt\/lituanistika\/files\/2017\/09\/Bernardinai_logo_230x150.jpg\" alt=\"\" width=\"230\" height=\"150\" \/>Bernardinai: Tomo Venclovos 80-me\u010dio vakaras <\/strong><\/p>\n<p><a href=\"http:\/\/www.bernardinai.lt\/straipsnis\/2017-09-12-tomo-venclovos-80-mecio-vakaras\/163668\" target=\"_blank\" rel=\"noopener\">BFL\/Vyginto Skarai\u010dio nuotraukos &gt;&gt; <\/a><\/p>\n<hr \/>\n<p><strong>Delfi.ru<\/strong>: <strong>\u041d\u0430\u0442\u0430\u043b\u0438\u044f \u0417\u0432\u0435\u0440\u043a\u043e. <\/strong><strong>\u0422\u043e\u043c\u0430\u0441 \u0412\u0435\u043d\u0446\u043b\u043e\u0432\u0430: \u044f \u043e\u0447\u0435\u043d\u044c \u0440\u0430\u043d\u043e \u043d\u0430\u0447\u0430\u043b \u043d\u0435 \u043b\u044e\u0431\u0438\u0442\u044c \u0441\u043e\u0432\u0435\u0442\u0441\u043a\u0443\u044e \u0432\u043b\u0430\u0441\u0442\u044c<\/strong><\/p>\n<blockquote><p><img loading=\"lazy\" decoding=\"async\" class=\"alignright size-full wp-image-3010\" src=\"http:\/\/blog.lnb.lt\/lituanistika\/files\/2017\/09\/delfi-ru.png\" alt=\"\" width=\"223\" height=\"85\" \/>&#8222;\u0412 \u041b\u0438\u0442\u0432\u0435 \u0441\u0438\u0442\u0443\u0430\u0446\u0438\u044f \u043b\u0443\u0447\u0448\u0435, \u0447\u0435\u043c \u0432 \u041f\u043e\u043b\u044c\u0448\u0435, \u0412\u0435\u043d\u0433\u0440\u0438\u0438, \u0420\u043e\u0441\u0441\u0438\u0438, \u0411\u0435\u043b\u0430\u0440\u0443\u0441\u0438 \u0438\u043b\u0438 \u0434\u0430\u0436\u0435 \u0432 \u0410\u043c\u0435\u0440\u0438\u043a\u0435. \u0418\u0437 \u0434\u0432\u0443\u0445 \u0433\u0440\u0430\u0436\u0434\u0430\u043d\u0441\u0442\u0432, \u043a\u043e\u0442\u043e\u0440\u044b\u0435 \u0443 \u043c\u0435\u043d\u044f \u0435\u0441\u0442\u044c, \u044f \u0431\u043e\u043b\u044c\u0448\u0435 \u0433\u043e\u0440\u0436\u0443\u0441\u044c \u043b\u0438\u0442\u043e\u0432\u0441\u043a\u0438\u043c&#8221;, &#8211; \u0441\u043a\u0430\u0437\u0430\u043b \u043d\u0430 \u043b\u0438\u0442\u0435\u0440\u0430\u0442\u0443\u0440\u043d\u043e\u043c \u0432\u0435\u0447\u0435\u0440\u0435 \u0432 \u0412\u0438\u043b\u044c\u043d\u044e\u0441\u0435 \u0432\u044b\u0434\u0430\u044e\u0449\u0438\u0445\u0441\u044f \u043b\u0438\u0442\u043e\u0432\u0441\u043a\u0438\u0439 \u043f\u043e\u044d\u0442, \u043f\u0435\u0440\u0435\u0432\u043e\u0434\u0447\u0438\u043a, \u043b\u0438\u0442\u0435\u0440\u0430\u0442\u0443\u0440\u043e\u0432\u0435\u0434, \u044d\u0441\u0441\u0435\u0438\u0441\u0442, \u0434\u0438\u0441\u0441\u0438\u0434\u0435\u043d\u0442 \u0438 \u043f\u0440\u0430\u0432\u043e\u0437\u0430\u0449\u0438\u0442\u043d\u0438\u043a \u0422\u043e\u043c\u0430\u0441 \u0412\u0435\u043d\u0446\u043b\u043e\u0432\u0430, \u043a\u043e\u0442\u043e\u0440\u044b\u0439 11 \u0441\u0435\u043d\u0442\u044f\u0431\u0440\u044f \u043e\u0442\u043c\u0435\u0442\u0438\u043b \u0441\u0432\u043e\u0435 80-\u043b\u0435\u0442\u0438\u0435.<\/p>\n<p><a href=\"https:\/\/ru.delfi.lt\/news\/live\/tomas-venclova-ya-ochen-rano-nachal-ne-lyubit-sovetskuyu-vlast.d?id=75736475\" target=\"_blank\" rel=\"noopener\"><em><strong>Visas tekstas &gt;&gt; \u00a0<\/strong><\/em><\/a><\/p>\n<p>&nbsp;<\/p><\/blockquote>\n","protected":false},"excerpt":{"rendered":"<p>Rugs\u0117jo 11 d. Lietuvos nacionalin\u0117je Martyno Ma\u017evydo bibliotekoje \u012fvykusi diskusija \u201eApie vilt\u012f, laik\u0105 ir poezij\u0105. Dialogas su Tomu Venclova\u201c, surengta minint T.\u00a0 Venclovos 80-met\u012f,\u00a0 sulauk\u0117 didelio visuomen\u0117s ir \u017einiasklaidos d\u0117mesio. Dalinam\u0117s\u00a0 pirmaisiais jubiliejaus-diskusijos atgarsiais: daugelio pageidautu renginio \u012fra\u0161u, reporta\u017eais bei \u012fvairaus pob\u016bd\u017eio tekstais. Jubiliejinis Tomo Venclovos renginys: video \u012fra\u0161as LRT, Panorama: \u00a0Venclova jubiliej\u0173 \u0161vent\u0117 sausakim\u0161oje &hellip; <a href=\"https:\/\/blog.lnb.lt\/lituanistika\/2017\/09\/18\/po-tomo-venclovos-jubiliejinio-vakaro-diskusijos-atgarsiai-ziniasklaidoje\/\" class=\"more-link\">Toliau skaityti<span class=\"screen-reader-text\"> &#8222;Po Tomo Venclovos jubiliejinio vakaro-diskusijos: atgarsiai \u017einiasklaidoje&#8221;<\/span><\/a><\/p>\n","protected":false},"author":6,"featured_media":0,"comment_status":"open","ping_status":"open","sticky":false,"template":"","format":"standard","meta":{"inline_featured_image":false,"footnotes":""},"categories":[659],"tags":[1833,2327,81,2357],"class_list":["post-3006","post","type-post","status-publish","format-standard","hentry","category-naujienos-lt","tag-irasas","tag-jubiliejus","tag-tomas-venclova","tag-ziniasklaida"],"_links":{"self":[{"href":"https:\/\/blog.lnb.lt\/lituanistika\/wp-json\/wp\/v2\/posts\/3006","targetHints":{"allow":["GET"]}}],"collection":[{"href":"https:\/\/blog.lnb.lt\/lituanistika\/wp-json\/wp\/v2\/posts"}],"about":[{"href":"https:\/\/blog.lnb.lt\/lituanistika\/wp-json\/wp\/v2\/types\/post"}],"author":[{"embeddable":true,"href":"https:\/\/blog.lnb.lt\/lituanistika\/wp-json\/wp\/v2\/users\/6"}],"replies":[{"embeddable":true,"href":"https:\/\/blog.lnb.lt\/lituanistika\/wp-json\/wp\/v2\/comments?post=3006"}],"version-history":[{"count":0,"href":"https:\/\/blog.lnb.lt\/lituanistika\/wp-json\/wp\/v2\/posts\/3006\/revisions"}],"wp:attachment":[{"href":"https:\/\/blog.lnb.lt\/lituanistika\/wp-json\/wp\/v2\/media?parent=3006"}],"wp:term":[{"taxonomy":"category","embeddable":true,"href":"https:\/\/blog.lnb.lt\/lituanistika\/wp-json\/wp\/v2\/categories?post=3006"},{"taxonomy":"post_tag","embeddable":true,"href":"https:\/\/blog.lnb.lt\/lituanistika\/wp-json\/wp\/v2\/tags?post=3006"}],"curies":[{"name":"wp","href":"https:\/\/api.w.org\/{rel}","templated":true}]}}