{"id":3203,"date":"2018-02-19T16:52:46","date_gmt":"2018-02-19T13:52:46","guid":{"rendered":"http:\/\/blog.lnb.lt\/lituanistika\/?p=3203"},"modified":"2018-09-20T14:15:19","modified_gmt":"2018-09-20T11:15:19","slug":"lituanistikos-skyriaus-darbuotojai-dr-dalia-cidzikaite-ir-dr-tomasz-blaszczak-vilniaus-knygu-mugeje-2018","status":"publish","type":"post","link":"https:\/\/blog.lnb.lt\/lituanistika\/2018\/02\/19\/lituanistikos-skyriaus-darbuotojai-dr-dalia-cidzikaite-ir-dr-tomasz-blaszczak-vilniaus-knygu-mugeje-2018\/","title":{"rendered":"Lituanistikos skyriaus darbuotojai Vilniaus knyg\u0173 mug\u0117je 2018"},"content":{"rendered":"<p>&nbsp;<\/p>\n<p><img loading=\"lazy\" decoding=\"async\" class=\"aligncenter size-full wp-image-3222\" src=\"http:\/\/blog.lnb.lt\/lituanistika\/files\/2018\/02\/Viso-ekrano-u\u017efiksavimas-2018.02.22-082105.jpg\" alt=\"\" width=\"491\" height=\"327\" srcset=\"https:\/\/blog.lnb.lt\/lituanistika\/files\/2018\/02\/Viso-ekrano-u\u017efiksavimas-2018.02.22-082105.jpg 491w, https:\/\/blog.lnb.lt\/lituanistika\/files\/2018\/02\/Viso-ekrano-u\u017efiksavimas-2018.02.22-082105-250x166.jpg 250w, https:\/\/blog.lnb.lt\/lituanistika\/files\/2018\/02\/Viso-ekrano-u\u017efiksavimas-2018.02.22-082105-300x200.jpg 300w\" sizes=\"auto, (max-width: 491px) 85vw, 491px\" \/><\/p>\n<p><strong>Vasario 22 (Bi\u010diuli\u0173 diena), 11 val., LITEXPO konferencij\u0173 sal\u0117je 5.2:\u00a0Jerzy Giedroyco ir Czes\u0142awo Mi\u0142oszo knygos \u201eLai\u0161kai\u201c trij\u0173 tom\u0173 pristatymas.\u00a0<\/strong><\/p>\n<p>Dalyvauja:\u00a0<strong>Kazys Uscila, Giedr\u0117 Mileryt\u0117-Japertien\u0117, And\u017eej Puk\u0161to, Alvydas Nik\u017eentaitis<\/strong>.<\/p>\n<p><a href=\"https:\/\/www.facebook.com\/events\/221761278384714\/\" target=\"_blank\" rel=\"noopener\"><strong>Pla\u010diau apie rengin\u012f &gt;&gt;\u00a0<\/strong><\/a><\/p>\n<hr \/>\n<p><strong>V<\/strong><strong>asa<\/strong><strong>rio 23 (Ilgasis penktadienis), 12.00 val., Forumas-LRT studija: diskusija \u201ePab\u0117g\u0117li\u0173 temos ir migracijos kriz\u0117s atspind\u017eiai literat\u016broje, fotografijoje, teatre\u201c <\/strong><\/p>\n<p>Moderuoja <strong>Monika Garba\u010diauskait\u0117-Budrien\u0117<\/strong>.<br \/>\nDalyvauja: knyg\u0173 apie istorin\u0119 emigracij\u0105 autor\u0117 <strong>Dalia Cidzikait\u0117<\/strong>, foto\u017eurnalistas <strong>Art\u016bras Morozovas<\/strong>, Jungtini\u0173 Taut\u0173 Pab\u0117g\u0117li\u0173 agent\u016bros atstov\u0117 Lietuvoje <strong>Renata Kule\u0161<\/strong>, istorikas <strong>Tomas Balkelis<\/strong>, teatro re\u017eisierius <strong>Oskaras Kor\u0161unovas.\u00a0<\/strong>Organizatorius: Aukso \u017euvys. Filmuoja LRT<\/p>\n<p><strong><a href=\"https:\/\/www.facebook.com\/events\/1553238544732043\/\" target=\"_blank\" rel=\"noopener\">Pla\u010diau apie rengin\u012f &gt;&gt;<\/a><\/strong><\/p>\n<hr \/>\n<p>&nbsp;<\/p>\n<p><img loading=\"lazy\" decoding=\"async\" class=\"alignright size-full wp-image-3205\" src=\"http:\/\/blog.lnb.lt\/lituanistika\/files\/2018\/02\/Tomekas.jpg\" alt=\"\" width=\"955\" height=\"500\" srcset=\"https:\/\/blog.lnb.lt\/lituanistika\/files\/2018\/02\/Tomekas.jpg 955w, https:\/\/blog.lnb.lt\/lituanistika\/files\/2018\/02\/Tomekas-250x131.jpg 250w, https:\/\/blog.lnb.lt\/lituanistika\/files\/2018\/02\/Tomekas-300x157.jpg 300w, https:\/\/blog.lnb.lt\/lituanistika\/files\/2018\/02\/Tomekas-768x402.jpg 768w\" sizes=\"auto, (max-width: 709px) 85vw, (max-width: 909px) 67vw, (max-width: 1362px) 62vw, 840px\" \/><\/p>\n<p><strong>Vasario 24 (\u0160imtas pasimatym\u0173), 13.00 val., Forumas-LRT studija: Diskusij\u0173 klubas: \u201eTautin\u0117s ma\u017eumos XX a. Lietuvos istorijos verpetuose\u201c. Renginio kalba lt\/en<\/strong><\/p>\n<p>Moderuoja <strong>Tomas Balkelis<\/strong>.<\/p>\n<p>Dalyvauja: <strong>Yves Plasseraud<\/strong>, <strong>Tomasz Blaszczak<\/strong>. Filmuoja LRT<\/p>\n<p><a href=\"https:\/\/www.facebook.com\/events\/2248537998493539\/\" target=\"_blank\" rel=\"noopener\"><strong>Pla\u010diau apie rengin\u012f &gt;&gt;<\/strong><\/a><\/p>\n<p>&nbsp;<\/p>\n","protected":false},"excerpt":{"rendered":"<p>&nbsp; Vasario 22 (Bi\u010diuli\u0173 diena), 11 val., LITEXPO konferencij\u0173 sal\u0117je 5.2:\u00a0Jerzy Giedroyco ir Czes\u0142awo Mi\u0142oszo knygos \u201eLai\u0161kai\u201c trij\u0173 tom\u0173 pristatymas.\u00a0 Dalyvauja:\u00a0Kazys Uscila, Giedr\u0117 Mileryt\u0117-Japertien\u0117, And\u017eej Puk\u0161to, Alvydas Nik\u017eentaitis. Pla\u010diau apie rengin\u012f &gt;&gt;\u00a0 Vasario 23 (Ilgasis penktadienis), 12.00 val., Forumas-LRT studija: diskusija \u201ePab\u0117g\u0117li\u0173 temos ir migracijos kriz\u0117s atspind\u017eiai literat\u016broje, fotografijoje, teatre\u201c Moderuoja Monika Garba\u010diauskait\u0117-Budrien\u0117. Dalyvauja: knyg\u0173 &hellip; <a href=\"https:\/\/blog.lnb.lt\/lituanistika\/2018\/02\/19\/lituanistikos-skyriaus-darbuotojai-dr-dalia-cidzikaite-ir-dr-tomasz-blaszczak-vilniaus-knygu-mugeje-2018\/\" class=\"more-link\">Toliau skaityti<span class=\"screen-reader-text\"> &#8222;Lituanistikos skyriaus darbuotojai Vilniaus knyg\u0173 mug\u0117je 2018&#8221;<\/span><\/a><\/p>\n","protected":false},"author":6,"featured_media":0,"comment_status":"open","ping_status":"open","sticky":false,"template":"","format":"standard","meta":{"inline_featured_image":false,"footnotes":""},"categories":[648,124],"tags":[1431],"class_list":["post-3203","post","type-post","status-publish","format-standard","hentry","category-be-kategorijos-lt","category-knygu-muges-dienorastis","tag-giedre-mileryte-japertiene"],"_links":{"self":[{"href":"https:\/\/blog.lnb.lt\/lituanistika\/wp-json\/wp\/v2\/posts\/3203","targetHints":{"allow":["GET"]}}],"collection":[{"href":"https:\/\/blog.lnb.lt\/lituanistika\/wp-json\/wp\/v2\/posts"}],"about":[{"href":"https:\/\/blog.lnb.lt\/lituanistika\/wp-json\/wp\/v2\/types\/post"}],"author":[{"embeddable":true,"href":"https:\/\/blog.lnb.lt\/lituanistika\/wp-json\/wp\/v2\/users\/6"}],"replies":[{"embeddable":true,"href":"https:\/\/blog.lnb.lt\/lituanistika\/wp-json\/wp\/v2\/comments?post=3203"}],"version-history":[{"count":0,"href":"https:\/\/blog.lnb.lt\/lituanistika\/wp-json\/wp\/v2\/posts\/3203\/revisions"}],"wp:attachment":[{"href":"https:\/\/blog.lnb.lt\/lituanistika\/wp-json\/wp\/v2\/media?parent=3203"}],"wp:term":[{"taxonomy":"category","embeddable":true,"href":"https:\/\/blog.lnb.lt\/lituanistika\/wp-json\/wp\/v2\/categories?post=3203"},{"taxonomy":"post_tag","embeddable":true,"href":"https:\/\/blog.lnb.lt\/lituanistika\/wp-json\/wp\/v2\/tags?post=3203"}],"curies":[{"name":"wp","href":"https:\/\/api.w.org\/{rel}","templated":true}]}}