{"id":3883,"date":"2019-04-19T10:39:19","date_gmt":"2019-04-19T07:39:19","guid":{"rendered":"https:\/\/blog.lnb.lt\/lituanistika\/?p=3883"},"modified":"2019-04-23T10:40:59","modified_gmt":"2019-04-23T07:40:59","slug":"zodyje-ir-vaizde-iamzinta-paryziaus-katedra","status":"publish","type":"post","link":"https:\/\/blog.lnb.lt\/lituanistika\/2019\/04\/19\/zodyje-ir-vaizde-iamzinta-paryziaus-katedra\/","title":{"rendered":"\u017dodyje ir vaizde \u012fam\u017einta Pary\u017eiaus katedra"},"content":{"rendered":"\n<div class=\"wp-block-image\"><figure class=\"aligncenter is-resized\"><img loading=\"lazy\" decoding=\"async\" src=\"https:\/\/blog.lnb.lt\/lituanistika\/files\/2019\/04\/Kasiulio-Notre-Dame-katedra.jpg\" alt=\"\" class=\"wp-image-3884\" width=\"412\" height=\"516\" srcset=\"https:\/\/blog.lnb.lt\/lituanistika\/files\/2019\/04\/Kasiulio-Notre-Dame-katedra.jpg 470w, https:\/\/blog.lnb.lt\/lituanistika\/files\/2019\/04\/Kasiulio-Notre-Dame-katedra-200x250.jpg 200w, https:\/\/blog.lnb.lt\/lituanistika\/files\/2019\/04\/Kasiulio-Notre-Dame-katedra-240x300.jpg 240w\" sizes=\"auto, (max-width: 412px) 85vw, 412px\" \/><\/figure><\/div>\n\n\n\n<p>Baland\u017eio 15 dienos vakar\u0105 nuo gaisro nukent\u0117jusi\u0105 Pary\u017eiaus Dievo Motinos katedr\u0105 prisimename <strong>Juozo Tysliavos<\/strong> poetiniu \u017eod\u017eiu ir <strong>Vytauto Kasiulio<\/strong> \u012f dang\u0173 kylan\u010diu vaizdu:<\/p>\n\n\n\n<p>&nbsp;&nbsp;&nbsp;&nbsp; \u0160iandien<\/p>\n\n\n\n<p>&nbsp;&nbsp;&nbsp;&nbsp; Apie sen\u0105j\u012f Pary\u017ei\u0173,<\/p>\n\n\n\n<p>&nbsp;&nbsp;&nbsp;&nbsp; Por\u0105 \u017eod\u017ei\u0173<\/p>\n\n\n\n<p>&nbsp;&nbsp;&nbsp;&nbsp; Apie Notre-Dame.<\/p>\n\n\n\n<p>&nbsp;&nbsp;&nbsp;&nbsp; Kolonados,<\/p>\n\n\n\n<p>&nbsp;&nbsp;&nbsp;&nbsp; Kolonados.<\/p>\n\n\n\n<p>&nbsp;&nbsp;&nbsp;&nbsp; Gera b\u016bt\u0173 mokytis<\/p>\n\n\n\n<p>&nbsp;&nbsp;&nbsp;&nbsp; I\u0161 j\u0173 tyl\u0117t<\/p>\n\n\n\n<p>&nbsp;&nbsp;&nbsp;&nbsp; Ir \u0161ypsotis.<\/p>\n\n\n\n<p>&nbsp;&nbsp;&nbsp;&nbsp; Kaip chimeros<\/p>\n\n\n\n<p>&nbsp;&nbsp;&nbsp;&nbsp; Su ironija<\/p>\n\n\n\n<p>&nbsp;&nbsp;&nbsp;&nbsp; I\u0161 dvide\u0161imto am\u017eiaus\narchitektori\u0173.<\/p>\n\n\n\n<p>I\u0161trauka i\u0161 eil\u0117ra\u0161\u010dio \u201eRadio poema\u201c i\u0161 \u201eTysliava\nPary\u017eiuj\u201c, 1935 metai <\/p>\n\n\n\n<p><a href=\"http:\/\/www.tekstai.lt\/tekstu-naujienos\/7612-juozas-tysliava-rinkinys-poezija-1935\">http:\/\/www.tekstai.lt\/tekstu-naujienos\/7612-juozas-tysliava-rinkinys-poezija-1935<\/a><\/p>\n\n\n\n<p>V. Kasiulio \u201eNotre Dame katedra\u201c, <a href=\"http:\/\/www.iseivijosdaile.lt\/en\/pictures\/lidf-0443\/\">http:\/\/www.iseivijosdaile.lt\/en\/pictures\/lidf-0443\/<\/a><\/p>\n","protected":false},"excerpt":{"rendered":"<p>Baland\u017eio 15 dienos vakar\u0105 nuo gaisro nukent\u0117jusi\u0105 Pary\u017eiaus Dievo Motinos katedr\u0105 prisimename Juozo Tysliavos poetiniu \u017eod\u017eiu ir Vytauto Kasiulio \u012f dang\u0173 kylan\u010diu vaizdu: &nbsp;&nbsp;&nbsp;&nbsp; \u0160iandien &nbsp;&nbsp;&nbsp;&nbsp; Apie sen\u0105j\u012f Pary\u017ei\u0173, &nbsp;&nbsp;&nbsp;&nbsp; Por\u0105 \u017eod\u017ei\u0173 &nbsp;&nbsp;&nbsp;&nbsp; Apie Notre-Dame. &nbsp;&nbsp;&nbsp;&nbsp; Kolonados, &nbsp;&nbsp;&nbsp;&nbsp; Kolonados. &nbsp;&nbsp;&nbsp;&nbsp; Gera b\u016bt\u0173 mokytis &nbsp;&nbsp;&nbsp;&nbsp; I\u0161 j\u0173 tyl\u0117t &nbsp;&nbsp;&nbsp;&nbsp; Ir \u0161ypsotis. &nbsp;&nbsp;&nbsp;&nbsp; Kaip chimeros &nbsp;&nbsp;&nbsp;&nbsp; Su &hellip; <a href=\"https:\/\/blog.lnb.lt\/lituanistika\/2019\/04\/19\/zodyje-ir-vaizde-iamzinta-paryziaus-katedra\/\" class=\"more-link\">Toliau skaityti<span class=\"screen-reader-text\"> &#8222;\u017dodyje ir vaizde \u012fam\u017einta Pary\u017eiaus katedra&#8221;<\/span><\/a><\/p>\n","protected":false},"author":6,"featured_media":0,"comment_status":"open","ping_status":"open","sticky":false,"template":"","format":"standard","meta":{"inline_featured_image":false,"footnotes":""},"categories":[648,265],"tags":[3324,3325,285],"class_list":["post-3883","post","type-post","status-publish","format-standard","hentry","category-be-kategorijos-lt","category-datos","tag-juozas-tysliava","tag-paryziaus-dievo-motinos-katedra","tag-vytautas-kasiulis"],"_links":{"self":[{"href":"https:\/\/blog.lnb.lt\/lituanistika\/wp-json\/wp\/v2\/posts\/3883","targetHints":{"allow":["GET"]}}],"collection":[{"href":"https:\/\/blog.lnb.lt\/lituanistika\/wp-json\/wp\/v2\/posts"}],"about":[{"href":"https:\/\/blog.lnb.lt\/lituanistika\/wp-json\/wp\/v2\/types\/post"}],"author":[{"embeddable":true,"href":"https:\/\/blog.lnb.lt\/lituanistika\/wp-json\/wp\/v2\/users\/6"}],"replies":[{"embeddable":true,"href":"https:\/\/blog.lnb.lt\/lituanistika\/wp-json\/wp\/v2\/comments?post=3883"}],"version-history":[{"count":0,"href":"https:\/\/blog.lnb.lt\/lituanistika\/wp-json\/wp\/v2\/posts\/3883\/revisions"}],"wp:attachment":[{"href":"https:\/\/blog.lnb.lt\/lituanistika\/wp-json\/wp\/v2\/media?parent=3883"}],"wp:term":[{"taxonomy":"category","embeddable":true,"href":"https:\/\/blog.lnb.lt\/lituanistika\/wp-json\/wp\/v2\/categories?post=3883"},{"taxonomy":"post_tag","embeddable":true,"href":"https:\/\/blog.lnb.lt\/lituanistika\/wp-json\/wp\/v2\/tags?post=3883"}],"curies":[{"name":"wp","href":"https:\/\/api.w.org\/{rel}","templated":true}]}}