{"id":25930,"date":"2023-04-18T16:14:00","date_gmt":"2023-04-18T13:14:00","guid":{"rendered":"https:\/\/blog.lnb.lt\/vilniusjewishpubliclibrary\/?p=25930"},"modified":"2024-01-16T16:15:33","modified_gmt":"2024-01-16T14:15:33","slug":"balandzio-20-d-paskaita-mano-ateitis-amerika-zydu-emigracijos-priezastys-atsiminimuose","status":"publish","type":"post","link":"https:\/\/blog.lnb.lt\/vilniusjewishpubliclibrary\/2023\/04\/18\/balandzio-20-d-paskaita-mano-ateitis-amerika-zydu-emigracijos-priezastys-atsiminimuose\/","title":{"rendered":"BALAND\u017dIO 20 d.: paskaita \u201eMano ateitis &#8211; Amerika? \u017dyd\u0173 emigracijos prie\u017eastys atsiminimuose\u201c"},"content":{"rendered":"\n<p>Baland\u017eio 20 d. 18 val. Vilniaus \u017eyd\u0173 vie\u0161ojoje bibliotekoje vyks istorijos doktorant\u0117s Dovil\u0117s \u010cypait\u0117s-Gil\u0117s paskaita apie \u017eyd\u0173 emigracijos prie\u017eastis, atskleid\u017eiamas asmen\u0173 atsiminimuose.<\/p>\n\n\n\n<p><\/p>\n\n\n\n<p><\/p>\n\n\n\n<p>\u201eMo\u0161e, tu pirmas i\u0161 visos gimin\u0117s palieki Kaun\u0105, tu pirmas&#8230; Mama verk\u0117, o a\u0161 pasi\u0117miau savo lagamin\u0105 ir i\u0161vykau.\u201c Taip savo paskutines akimirkas Lietuvoje 1938 m., u\u017efiksavo M. Goldbergas. Kokios prie\u017eastys l\u0117m\u0117 jo ir kit\u0173 Lietuvos \u017eyd\u0173 apisprendim\u0105 i\u0161vykti? Kaip buvo pasirenkama, \u012f kuri\u0105 \u0161al\u012f emigruoti? Koks buvo pasiruo\u0161imo procesas? Ar visuomet svajoni\u0173 emigracijos \u0161alis buvo Amerika?<\/p>\n\n\n\n<p><\/p>\n\n\n\n<p><\/p>\n\n\n\n<p>\u0160ie klausimai bus aptariami baland\u017eio 20 d. paskaitoje. 1918\u20131939 m. Lietuvoje emigracija buvo viena opiausi\u0173 socioekonomini\u0173 problem\u0173. Lietuvos \u017eydai sudar\u0117 daugiau nei 30 procent\u0173 vis\u0173 \u0161alies emigrant\u0173. Da\u017eniausiai \u0161io laikotarpio migracija suvokiama kaip ekonomin\u0117, siejama su geresnio gyvenimo paie\u0161komis, ta\u010diau prie\u017eastys buvo kur kas \u012fvairesn\u0117s: nuo nelaimingo atsitiktinumo iki migracijos d\u0117l meil\u0117s. Emigrant\u0173 atsiminimai kaip istoriniai \u0161altiniai leid\u017eia pa\u017evelgti \u012f migracijos proces\u0105 i\u0161 asmens perspektyvos, suvokti laikotarpio specifik\u0105 ir proceso dinamik\u0105.<\/p>\n\n\n\n<p><\/p>\n\n\n\n<p><\/p>\n\n\n\n<p>Paskaitos autor\u0117 Dovil\u0117 \u010cypait\u0117-Gil\u0117 \u2013 Vilniaus universiteto Istorijos fakulteto doktorant\u0117, tyrin\u0117ja Lietuvos \u017eyd\u0173 migracij\u0105 1919\u20131939 m. Lektor\u0117 ir viena i\u0161 Vilniaus Gaono \u017eyd\u0173 istorijos muziejaus b\u016bsimo padalinio \u2013 Lietuvos \u017eyd\u0173 kult\u016bros ir tapatyb\u0117s muziejaus ekspozicijos kuratori\u0173.<\/p>\n\n\n\n<p><\/p>\n\n\n\n<p><\/p>\n\n\n\n<p>Susidom\u0117jusi\u0173j\u0173 laukiame Vilniaus \u017eyd\u0173 vie\u0161ojoje bibliotekoje (Gedimino pr. 24, \u012f\u0117jimas i\u0161 Vilniaus Ma\u017eojo teatro kiemo).<\/p>\n\n\n\n<p><\/p>\n\n\n\n<p><\/p>\n\n\n\n<p>Iliustracijai panaudotas \u201eAtvirukas. Laivas \u201eColumbus\u201c, Utenos kra\u0161totyros muziejus, UKM R 2790<\/p>\n","protected":false},"excerpt":{"rendered":"<p>Baland\u017eio 20 d. 18 val. Vilniaus \u017eyd\u0173 vie\u0161ojoje bibliotekoje vyks istorijos doktorant\u0117s Dovil\u0117s \u010cypait\u0117s-Gil\u0117s paskaita apie \u017eyd\u0173 emigracijos prie\u017eastis, atskleid\u017eiamas asmen\u0173 atsiminimuose. \u201eMo\u0161e, tu pirmas i\u0161 visos gimin\u0117s palieki Kaun\u0105, tu pirmas&#8230; Mama verk\u0117, o a\u0161 pasi\u0117miau savo lagamin\u0105 ir i\u0161vykau.\u201c Taip savo paskutines akimirkas Lietuvoje 1938 m., u\u017efiksavo M. Goldbergas. Kokios prie\u017eastys l\u0117m\u0117 jo [&hellip;]<\/p>\n","protected":false},"author":146,"featured_media":25931,"comment_status":"open","ping_status":"open","sticky":false,"template":"","format":"standard","meta":{"inline_featured_image":false,"footnotes":""},"categories":[14],"tags":[],"class_list":["post-25930","post","type-post","status-publish","format-standard","has-post-thumbnail","hentry","category-renginys"],"_links":{"self":[{"href":"https:\/\/blog.lnb.lt\/vilniusjewishpubliclibrary\/wp-json\/wp\/v2\/posts\/25930","targetHints":{"allow":["GET"]}}],"collection":[{"href":"https:\/\/blog.lnb.lt\/vilniusjewishpubliclibrary\/wp-json\/wp\/v2\/posts"}],"about":[{"href":"https:\/\/blog.lnb.lt\/vilniusjewishpubliclibrary\/wp-json\/wp\/v2\/types\/post"}],"author":[{"embeddable":true,"href":"https:\/\/blog.lnb.lt\/vilniusjewishpubliclibrary\/wp-json\/wp\/v2\/users\/146"}],"replies":[{"embeddable":true,"href":"https:\/\/blog.lnb.lt\/vilniusjewishpubliclibrary\/wp-json\/wp\/v2\/comments?post=25930"}],"version-history":[{"count":0,"href":"https:\/\/blog.lnb.lt\/vilniusjewishpubliclibrary\/wp-json\/wp\/v2\/posts\/25930\/revisions"}],"wp:featuredmedia":[{"embeddable":true,"href":"https:\/\/blog.lnb.lt\/vilniusjewishpubliclibrary\/wp-json\/wp\/v2\/media\/25931"}],"wp:attachment":[{"href":"https:\/\/blog.lnb.lt\/vilniusjewishpubliclibrary\/wp-json\/wp\/v2\/media?parent=25930"}],"wp:term":[{"taxonomy":"category","embeddable":true,"href":"https:\/\/blog.lnb.lt\/vilniusjewishpubliclibrary\/wp-json\/wp\/v2\/categories?post=25930"},{"taxonomy":"post_tag","embeddable":true,"href":"https:\/\/blog.lnb.lt\/vilniusjewishpubliclibrary\/wp-json\/wp\/v2\/tags?post=25930"}],"curies":[{"name":"wp","href":"https:\/\/api.w.org\/{rel}","templated":true}]}}