{"id":25958,"date":"2023-12-12T16:38:00","date_gmt":"2023-12-12T14:38:00","guid":{"rendered":"https:\/\/blog.lnb.lt\/vilniusjewishpubliclibrary\/?p=25958"},"modified":"2024-01-24T16:42:41","modified_gmt":"2024-01-24T14:42:41","slug":"gruodzio-13-d-diskusija-lietuviu-ir-zydu-sventes-kas-bendro-ir-kas-skiria","status":"publish","type":"post","link":"https:\/\/blog.lnb.lt\/vilniusjewishpubliclibrary\/2023\/12\/12\/gruodzio-13-d-diskusija-lietuviu-ir-zydu-sventes-kas-bendro-ir-kas-skiria\/","title":{"rendered":"GRUOD\u017dIO 13 d.: diskusija \u201eLietuvi\u0173 ir \u017eyd\u0173 \u0161vent\u0117s. Kas bendro ir kas skiria\u201c"},"content":{"rendered":"\n<p>Gruod\u017eio 13 d. (tre\u010diadien\u012f) 18 val. Lietuvos nacionalin\u0117s Martyno Ma\u017evydo bibliotekos Vilniaus \u017eyd\u0173 vie\u0161oji biblioteka organizuoja pokalb\u012f &#8211; diskusij\u0105 \u201eLietuvi\u0173 ir \u017eyd\u0173 \u0161vent\u0117s. Kas bendro ir kas skiria\u201c.<\/p>\n\n\n\n<div style=\"height:23px\" aria-hidden=\"true\" class=\"wp-block-spacer\"><\/div>\n\n\n\n<p>Vis ilg\u0117jant vakarams ir art\u0117jant \u017eiemos \u0161vent\u0117ms, kvie\u010diame kartu su lietuvi\u0173 bei \u017eyd\u0173 papro\u010di\u0173 \u017einovais palyginti \u0161ias dvi etnines grupes per \u0161venti\u0161k\u0105 prizm\u0119. Atsispirsime nuo Chanukos ir Kal\u0117d\u0173, ta\u010diau jomis neapsiribosime, bandysime apsukti vis\u0105 met\u0173 \u0161ventin\u012f rat\u0105. \u012edomu, rasime daugiau pana\u0161um\u0173 ar skirtum\u0173?<\/p>\n\n\n\n<div style=\"height:23px\" aria-hidden=\"true\" class=\"wp-block-spacer\"><\/div>\n\n\n\n<p>Diskusijoje dalyvaus kalbinink\u0117, metodinink\u0117 prof. dr. Jolanta Zabarskait\u0117, etnologas, mokslo istorikas, gamtos moksl\u0173 daktaras prof. Libertas Klimka, Vilniaus \u017eyd\u0173 bendruomen\u0117s valdybos narys, Maisto banko vadovas Simonas Gurevi\u010dius.<\/p>\n\n\n\n<div style=\"height:23px\" aria-hidden=\"true\" class=\"wp-block-spacer\"><\/div>\n\n\n\n<p>Diskusij\u0105 moderuos Vilniaus \u017eyd\u0173 vie\u0161osios bibliotekos vadovas \u017dilvinas Beliauskas.<\/p>\n\n\n\n<div style=\"height:23px\" aria-hidden=\"true\" class=\"wp-block-spacer\"><\/div>\n\n\n\n<p>Registracija:\u00a0<a href=\"https:\/\/forms.gle\/Jz2bJVim8C5ggMgH8?fbclid=IwAR28DJq4MTU9wEc1QAv3Ub_lxSSkLFrdD_yaqYYlh-oX5uhmLAcvKzq0jug\" target=\"_blank\" rel=\"noreferrer noopener\">https:\/\/forms.gle\/Jz2bJVim8C5ggMgH8<\/a><\/p>\n\n\n\n<div style=\"height:23px\" aria-hidden=\"true\" class=\"wp-block-spacer\"><\/div>\n\n\n\n<p><\/p>\n\n\n\n<p>Iki malonaus!<\/p>\n","protected":false},"excerpt":{"rendered":"<p>Gruod\u017eio 13 d. (tre\u010diadien\u012f) 18 val. Lietuvos nacionalin\u0117s Martyno Ma\u017evydo bibliotekos Vilniaus \u017eyd\u0173 vie\u0161oji biblioteka organizuoja pokalb\u012f &#8211; diskusij\u0105 \u201eLietuvi\u0173 ir \u017eyd\u0173 \u0161vent\u0117s. Kas bendro ir kas skiria\u201c. Vis ilg\u0117jant vakarams ir art\u0117jant \u017eiemos \u0161vent\u0117ms, kvie\u010diame kartu su lietuvi\u0173 bei \u017eyd\u0173 papro\u010di\u0173 \u017einovais palyginti \u0161ias dvi etnines grupes per \u0161venti\u0161k\u0105 prizm\u0119. Atsispirsime nuo Chanukos ir [&hellip;]<\/p>\n","protected":false},"author":146,"featured_media":25959,"comment_status":"open","ping_status":"open","sticky":false,"template":"","format":"standard","meta":{"inline_featured_image":false,"footnotes":""},"categories":[14],"tags":[],"class_list":["post-25958","post","type-post","status-publish","format-standard","has-post-thumbnail","hentry","category-renginys"],"_links":{"self":[{"href":"https:\/\/blog.lnb.lt\/vilniusjewishpubliclibrary\/wp-json\/wp\/v2\/posts\/25958","targetHints":{"allow":["GET"]}}],"collection":[{"href":"https:\/\/blog.lnb.lt\/vilniusjewishpubliclibrary\/wp-json\/wp\/v2\/posts"}],"about":[{"href":"https:\/\/blog.lnb.lt\/vilniusjewishpubliclibrary\/wp-json\/wp\/v2\/types\/post"}],"author":[{"embeddable":true,"href":"https:\/\/blog.lnb.lt\/vilniusjewishpubliclibrary\/wp-json\/wp\/v2\/users\/146"}],"replies":[{"embeddable":true,"href":"https:\/\/blog.lnb.lt\/vilniusjewishpubliclibrary\/wp-json\/wp\/v2\/comments?post=25958"}],"version-history":[{"count":0,"href":"https:\/\/blog.lnb.lt\/vilniusjewishpubliclibrary\/wp-json\/wp\/v2\/posts\/25958\/revisions"}],"wp:featuredmedia":[{"embeddable":true,"href":"https:\/\/blog.lnb.lt\/vilniusjewishpubliclibrary\/wp-json\/wp\/v2\/media\/25959"}],"wp:attachment":[{"href":"https:\/\/blog.lnb.lt\/vilniusjewishpubliclibrary\/wp-json\/wp\/v2\/media?parent=25958"}],"wp:term":[{"taxonomy":"category","embeddable":true,"href":"https:\/\/blog.lnb.lt\/vilniusjewishpubliclibrary\/wp-json\/wp\/v2\/categories?post=25958"},{"taxonomy":"post_tag","embeddable":true,"href":"https:\/\/blog.lnb.lt\/vilniusjewishpubliclibrary\/wp-json\/wp\/v2\/tags?post=25958"}],"curies":[{"name":"wp","href":"https:\/\/api.w.org\/{rel}","templated":true}]}}