{"id":26015,"date":"2024-02-07T17:12:09","date_gmt":"2024-02-07T15:12:09","guid":{"rendered":"https:\/\/blog.lnb.lt\/vilniusjewishpubliclibrary\/?p=26015"},"modified":"2024-03-05T11:03:45","modified_gmt":"2024-03-05T09:03:45","slug":"vasario-12-ir-19-d-knygu-klubas-anglu-kalba-prikelta-atmintis","status":"publish","type":"post","link":"https:\/\/blog.lnb.lt\/vilniusjewishpubliclibrary\/2024\/02\/07\/vasario-12-ir-19-d-knygu-klubas-anglu-kalba-prikelta-atmintis\/","title":{"rendered":"VASARIO 12 ir 19 d.: Knyg\u0173 klubas angl\u0173 kalba: Prikelta atmintis"},"content":{"rendered":"\n<p>Vilniaus \u017eyd\u0173 vie\u0161oji biblioteka kvie\u010dia \u012f trump\u0173 apsakym\u0173 knyg\u0173 klub\u0105 angl\u0173 kalba. Knyg\u0173 klubo renginius ves m\u016bs\u0173 praktikant\u0117 i\u0161 Niujorko Minna Bachman. Susitikimai vyks vasario 12 ir 19 d., pirmadieniais, 18 val.<\/p>\n\n\n\n<div style=\"height:25px\" aria-hidden=\"true\" class=\"wp-block-spacer\"><\/div>\n\n\n\n<p>Nagrin\u0117sime du apsakymus: Cynthios Ozick \u201e\u0160\u00e3lis\u201c ir Grace Paley \u201eDid\u017eiuliai poky\u010diai paskutin\u0119 minut\u0119\u201c. Abi \u0161ios istorijos susijusios su \u201eatminties prik\u0117limo\u201c tema, jos kalba apie atminties tradicij\u0105 \u017eyd\u0173 literat\u016broje, apie tai, kaip su ja elgiamasi, kaip ji priimama ir perduodama. Knyg\u0173 klubas vyks angl\u0173 kalba, ta\u010diau daugelis dalyvi\u0173 laisvai kalba ir angli\u0161kai, ir lietuvi\u0161kai, tod\u0117l galimas vertimas. Kvie\u010diame visus \u2013 perskaitykite apsakym\u0105, ateikite ir diskutuokite kartu!<\/p>\n\n\n\n<div style=\"height:25px\" aria-hidden=\"true\" class=\"wp-block-spacer\"><\/div>\n\n\n\n<p>Prie\u0161 susitikimus apsakymais pasidalinsime PDF formatu. Rekomenduojama istorijas perskaityti i\u0161 anksto, bet jei negal\u0117site, susitikim\u0173 prad\u017eioje mes jas aptarsime, apibendrinsime ir atkreipsime d\u0117mes\u012f \u012f svarbiausias vietas.<\/p>\n\n\n\n<p>Nor\u0117dami gauti apsakymus PDF formatu, u\u017esiregistruokite ir nurodykite savo el. pa\u0161t\u0105\u00a0<a href=\"https:\/\/shorturl.at\/ghrX6\" target=\"_blank\" rel=\"noreferrer noopener\">\u010dia<\/a>.<\/p>\n\n\n\n<div style=\"height:25px\" aria-hidden=\"true\" class=\"wp-block-spacer\"><\/div>\n\n\n\n<p>Iki susitikimo Vilniaus \u017eyd\u0173 vie\u0161ojoje bibliotekoje, Gedimino pr. 24 (\u012f\u0117jimas i\u0161 Ma\u017eojo teatro kiemo.\u00a0<\/p>\n\n\n\n<div style=\"height:100px\" aria-hidden=\"true\" class=\"wp-block-spacer\"><\/div>\n\n\n\n<div class=\"wp-block-buttons is-content-justification-center is-layout-flex wp-container-core-buttons-is-layout-a89b3969 wp-block-buttons-is-layout-flex\">\n<div class=\"wp-block-button\"><a class=\"wp-block-button__link wp-element-button\" href=\"https:\/\/www.facebook.com\/events\/755110243221434\/755110249888100\/\" target=\"_blank\" rel=\"noreferrer noopener\">Renginys Facebook<\/a><\/div>\n<\/div>\n","protected":false},"excerpt":{"rendered":"<p>Vilniaus \u017eyd\u0173 vie\u0161oji biblioteka kvie\u010dia \u012f trump\u0173 apsakym\u0173 knyg\u0173 klub\u0105 angl\u0173 kalba. Knyg\u0173 klubo renginius ves m\u016bs\u0173 praktikant\u0117 i\u0161 Niujorko Minna Bachman. Susitikimai vyks vasario 12 ir 19 d., pirmadieniais, 18 val. Nagrin\u0117sime du apsakymus: Cynthios Ozick \u201e\u0160\u00e3lis\u201c ir Grace Paley \u201eDid\u017eiuliai poky\u010diai paskutin\u0119 minut\u0119\u201c. Abi \u0161ios istorijos susijusios su \u201eatminties prik\u0117limo\u201c tema, jos kalba [&hellip;]<\/p>\n","protected":false},"author":146,"featured_media":26044,"comment_status":"open","ping_status":"open","sticky":false,"template":"","format":"standard","meta":{"inline_featured_image":false,"footnotes":""},"categories":[14],"tags":[],"class_list":["post-26015","post","type-post","status-publish","format-standard","has-post-thumbnail","hentry","category-renginys"],"_links":{"self":[{"href":"https:\/\/blog.lnb.lt\/vilniusjewishpubliclibrary\/wp-json\/wp\/v2\/posts\/26015","targetHints":{"allow":["GET"]}}],"collection":[{"href":"https:\/\/blog.lnb.lt\/vilniusjewishpubliclibrary\/wp-json\/wp\/v2\/posts"}],"about":[{"href":"https:\/\/blog.lnb.lt\/vilniusjewishpubliclibrary\/wp-json\/wp\/v2\/types\/post"}],"author":[{"embeddable":true,"href":"https:\/\/blog.lnb.lt\/vilniusjewishpubliclibrary\/wp-json\/wp\/v2\/users\/146"}],"replies":[{"embeddable":true,"href":"https:\/\/blog.lnb.lt\/vilniusjewishpubliclibrary\/wp-json\/wp\/v2\/comments?post=26015"}],"version-history":[{"count":0,"href":"https:\/\/blog.lnb.lt\/vilniusjewishpubliclibrary\/wp-json\/wp\/v2\/posts\/26015\/revisions"}],"wp:featuredmedia":[{"embeddable":true,"href":"https:\/\/blog.lnb.lt\/vilniusjewishpubliclibrary\/wp-json\/wp\/v2\/media\/26044"}],"wp:attachment":[{"href":"https:\/\/blog.lnb.lt\/vilniusjewishpubliclibrary\/wp-json\/wp\/v2\/media?parent=26015"}],"wp:term":[{"taxonomy":"category","embeddable":true,"href":"https:\/\/blog.lnb.lt\/vilniusjewishpubliclibrary\/wp-json\/wp\/v2\/categories?post=26015"},{"taxonomy":"post_tag","embeddable":true,"href":"https:\/\/blog.lnb.lt\/vilniusjewishpubliclibrary\/wp-json\/wp\/v2\/tags?post=26015"}],"curies":[{"name":"wp","href":"https:\/\/api.w.org\/{rel}","templated":true}]}}