{"id":26047,"date":"2024-03-05T11:52:48","date_gmt":"2024-03-05T09:52:48","guid":{"rendered":"https:\/\/blog.lnb.lt\/vilniusjewishpubliclibrary\/?p=26047"},"modified":"2024-03-05T11:53:19","modified_gmt":"2024-03-05T09:53:19","slug":"susitikimas-su-kenu-krimsteinu-ir-lara-lempertiene-video","status":"publish","type":"post","link":"https:\/\/blog.lnb.lt\/vilniusjewishpubliclibrary\/2024\/03\/05\/susitikimas-su-kenu-krimsteinu-ir-lara-lempertiene-video\/","title":{"rendered":"Susitikimas su Kenu Krimsteinu ir Lara Lempertiene (VIDEO)"},"content":{"rendered":"\n<p>Vasario 21 d. Lietuvos nacionalin\u0117s Martyno Ma\u017evydo bibliotekos Vilniaus \u017eyd\u0173 vie\u0161oji biblioteka kviet\u0117 \u012f virtual\u0173 susitikim\u0105 su grafini\u0173 noveli\u0173 autoriumi Kenu Krimsteinu i\u0161 Niujorko ir Nacionalin\u0117s bibliotekos Judaikos tyrim\u0173 centro vadove dr. Lara Lempertien\u0117.<\/p>\n\n\n\n<div style=\"height:100px\" aria-hidden=\"true\" class=\"wp-block-spacer\"><\/div>\n\n\n\n<p>Kenas Krimsteinas \u2013 karikat\u016bristas, autorius ir edukatorius, jo darbai spausdinami tokiuose \u017einiasklaidos mil\u017einuose kaip \u201eThe New Yorker\u201c, \u201eThe Wall Street Journal\u201c, \u201eThe New York Times\u201c ir \u201eChicago Tribune\u201c. Susitikime diskutavome apie naujausi\u0105 K. Krimsteino grafin\u0119 novel\u0119 \u201eKai u\u017eaugsiu\u201c (When I Grow Up).<\/p>\n\n\n\n<div style=\"height:100px\" aria-hidden=\"true\" class=\"wp-block-spacer\"><\/div>\n\n\n\n<p>\u0160is k\u016brinys \u2013 tai \u0161e\u0161i\u0173 dingusi\u0173 ir v\u0117liau atrast\u0173 paaugli\u0173 autobiografij\u0173 i\u0161 prie\u0161karin\u0117s \u201eJidi\u0161uanijos\u201c adaptacija. 1930-aisiais YIVO \u017dyd\u0173 mokslini\u0173 tyrim\u0173 institutas, tuomet \u012fsik\u016br\u0119s Vilniuje, pakviet\u0117 jidi\u0161 kalba kalban\u010dius 13\u201321 met\u0173 jaunuolius dalyvauti autobiografijos konkurse. Pagrindinis prizas b\u016bt\u0173 buv\u0119s 150 zlot\u0173 &#8211; beveik 1000 eur\u0173. Buvo pateikta daugiau nei 700 darb\u0173, kuriuos perskait\u0117 ir vertino YIVO darbuotojai. Didysis prizas tur\u0117jo b\u016bti \u012fteiktas 1939 m. rugs\u0117jo 1 d., t\u0105 pa\u010di\u0105 dien\u0105, kai naciai \u012fsiver\u017e\u0117 \u012f Lenkij\u0105. 1941 m. bir\u017eelio 24 d., kai naciai u\u017epuol\u0117 Vilni\u0173, jie taip pat \u012fsiver\u017e\u0117 \u012f YIVO bibliotek\u0105 ir steng\u0117si pagrobti kuo daugiau ten esan\u010di\u0173 dokument\u0173, \u012fskaitant ir konkursines autobiografijas. Rizikuodami savo gyvyb\u0117mis 40 \u017emoni\u0173 grup\u0117, v\u0117liau pavadinta \u201ePopieriaus brigada\u201c, i\u0161gelb\u0117jo dal\u012f dokument\u0173, tarp kuri\u0173 buvo ir jaunuoli\u0173 autobiografijos. Jos buvo atrastos tik 2017 m. Remdamasis rastomis autobiografijomis, K. Krimsteinas prad\u0117jo kurti grafin\u0119 novel\u0119 \u201eKai u\u017eaugsiu\u201c, kuri sulauk\u0117 did\u017eiulio kritik\u0173 pripa\u017einimo Jungtin\u0117se Amerikos Valstijose. Susitikim\u0105 moderavo Minna Bachman.<\/p>\n\n\n\n<div style=\"height:100px\" aria-hidden=\"true\" class=\"wp-block-spacer\"><\/div>\n\n\n\n<figure class=\"wp-block-embed is-type-video is-provider-youtube wp-block-embed-youtube wp-embed-aspect-16-9 wp-has-aspect-ratio\"><div class=\"wp-block-embed__wrapper\">\n<iframe loading=\"lazy\" title=\"Ken Krimstein, Lara Lempertien\u0117. Graphic novel When I Grow Up\" width=\"500\" height=\"281\" src=\"https:\/\/www.youtube.com\/embed\/XwVihdil1OU?feature=oembed\" frameborder=\"0\" allow=\"accelerometer; autoplay; clipboard-write; encrypted-media; gyroscope; picture-in-picture; web-share\" referrerpolicy=\"strict-origin-when-cross-origin\" allowfullscreen><\/iframe>\n<\/div><\/figure>\n","protected":false},"excerpt":{"rendered":"<p>Vasario 21 d. Lietuvos nacionalin\u0117s Martyno Ma\u017evydo bibliotekos Vilniaus \u017eyd\u0173 vie\u0161oji biblioteka kviet\u0117 \u012f virtual\u0173 susitikim\u0105 su grafini\u0173 noveli\u0173 autoriumi Kenu Krimsteinu i\u0161 Niujorko ir Nacionalin\u0117s bibliotekos Judaikos tyrim\u0173 centro vadove dr. Lara Lempertien\u0117. Kenas Krimsteinas \u2013 karikat\u016bristas, autorius ir edukatorius, jo darbai spausdinami tokiuose \u017einiasklaidos mil\u017einuose kaip \u201eThe New Yorker\u201c, \u201eThe Wall Street Journal\u201c, [&hellip;]<\/p>\n","protected":false},"author":146,"featured_media":26048,"comment_status":"open","ping_status":"open","sticky":false,"template":"","format":"standard","meta":{"inline_featured_image":false,"footnotes":""},"categories":[12],"tags":[],"class_list":["post-26047","post","type-post","status-publish","format-standard","has-post-thumbnail","hentry","category-video"],"_links":{"self":[{"href":"https:\/\/blog.lnb.lt\/vilniusjewishpubliclibrary\/wp-json\/wp\/v2\/posts\/26047","targetHints":{"allow":["GET"]}}],"collection":[{"href":"https:\/\/blog.lnb.lt\/vilniusjewishpubliclibrary\/wp-json\/wp\/v2\/posts"}],"about":[{"href":"https:\/\/blog.lnb.lt\/vilniusjewishpubliclibrary\/wp-json\/wp\/v2\/types\/post"}],"author":[{"embeddable":true,"href":"https:\/\/blog.lnb.lt\/vilniusjewishpubliclibrary\/wp-json\/wp\/v2\/users\/146"}],"replies":[{"embeddable":true,"href":"https:\/\/blog.lnb.lt\/vilniusjewishpubliclibrary\/wp-json\/wp\/v2\/comments?post=26047"}],"version-history":[{"count":0,"href":"https:\/\/blog.lnb.lt\/vilniusjewishpubliclibrary\/wp-json\/wp\/v2\/posts\/26047\/revisions"}],"wp:featuredmedia":[{"embeddable":true,"href":"https:\/\/blog.lnb.lt\/vilniusjewishpubliclibrary\/wp-json\/wp\/v2\/media\/26048"}],"wp:attachment":[{"href":"https:\/\/blog.lnb.lt\/vilniusjewishpubliclibrary\/wp-json\/wp\/v2\/media?parent=26047"}],"wp:term":[{"taxonomy":"category","embeddable":true,"href":"https:\/\/blog.lnb.lt\/vilniusjewishpubliclibrary\/wp-json\/wp\/v2\/categories?post=26047"},{"taxonomy":"post_tag","embeddable":true,"href":"https:\/\/blog.lnb.lt\/vilniusjewishpubliclibrary\/wp-json\/wp\/v2\/tags?post=26047"}],"curies":[{"name":"wp","href":"https:\/\/api.w.org\/{rel}","templated":true}]}}