{"id":26956,"date":"2026-03-30T12:42:31","date_gmt":"2026-03-30T09:42:31","guid":{"rendered":"https:\/\/blog.lnb.lt\/vilniusjewishpubliclibrary\/?p=26956"},"modified":"2026-03-30T12:44:34","modified_gmt":"2026-03-30T09:44:34","slug":"muziejaus-dinges-stetlas-pristatymas","status":"publish","type":"post","link":"https:\/\/blog.lnb.lt\/vilniusjewishpubliclibrary\/2026\/03\/30\/muziejaus-dinges-stetlas-pristatymas\/","title":{"rendered":"Muziejaus \u201eDing\u0119s \u0161tetlas\u201c pristatymas"},"content":{"rendered":"\n<p>Vilniaus \u017eyd\u0173 vie\u0161osios bibliotekos sve\u010diai tur\u0117jo galimyb\u0119 i\u0161 ar\u010diau pa\u017einti nauj\u0105, i\u0161skirtin\u0119 kult\u016bros ir atminties viet\u0105 Lietuvoje \u2013 muziej\u0173 \u201eDing\u0119s \u0161tetlas\u201c.<\/p>\n\n\n\n<p>Nuo atidarymo 2025 met\u0173 rugs\u0117j\u012f \u0161is muziejus ne tik praturtino \u0161alies kult\u016brin\u012f \u017eem\u0117lap\u012f, bet ir tapo svarbiu tarptautinio d\u0117mesio centru. Per pusmet\u012f muziej\u0173 aplank\u0117 daugiau nei 40 000 lankytoj\u0173.<\/p>\n\n\n\n<div style=\"height:20px\" aria-hidden=\"true\" class=\"wp-block-spacer\"><\/div>\n\n\n\n<p><\/p>\n\n\n\n<p>\u201eDing\u0119s \u0161tetlas\u201c pasakoja apie tai, kas ilg\u0105 laik\u0105 buvo nepakankamai pa\u017einta \u2013 gyvybing\u0105, spalving\u0105 ir kartu tragi\u0161kai nutr\u016bkusi\u0105 \u0161tetl\u0173 kult\u016br\u0105.<\/p>\n\n\n\n<div style=\"height:20px\" aria-hidden=\"true\" class=\"wp-block-spacer\"><\/div>\n\n\n\n<blockquote class=\"wp-block-quote is-layout-flow wp-block-quote-is-layout-flow\">\n<p> Muziejus kvie\u010dia ne tik prisiminti praradimus, bet ir atrasti gyvenim\u0105: \u017emoni\u0173 istorijas, j\u0173 kasdienyb\u0119, tradicijas, kalb\u0105 ir bendruomeni\u0161kum\u0105. Tai vieta, kur praeitis tampa artima, o istorija \u2013 gyva ir suprantama \u0161iandienos \u017emogui.<\/p>\n<\/blockquote>\n\n\n\n<div style=\"height:20px\" aria-hidden=\"true\" class=\"wp-block-spacer\"><\/div>\n\n\n\n<figure class=\"wp-block-image size-large\"><img loading=\"lazy\" decoding=\"async\" width=\"1024\" height=\"683\" src=\"https:\/\/blog.lnb.lt\/vilniusjewishpubliclibrary\/files\/2026\/03\/DingesStetlas-9457web-1024x683.jpg\" alt=\"\" class=\"wp-image-26960\" srcset=\"https:\/\/blog.lnb.lt\/vilniusjewishpubliclibrary\/files\/2026\/03\/DingesStetlas-9457web-1024x683.jpg 1024w, https:\/\/blog.lnb.lt\/vilniusjewishpubliclibrary\/files\/2026\/03\/DingesStetlas-9457web-300x200.jpg 300w, https:\/\/blog.lnb.lt\/vilniusjewishpubliclibrary\/files\/2026\/03\/DingesStetlas-9457web-768x512.jpg 768w, https:\/\/blog.lnb.lt\/vilniusjewishpubliclibrary\/files\/2026\/03\/DingesStetlas-9457web.jpg 1440w\" sizes=\"auto, (max-width: 1024px) 100vw, 1024px\" \/><\/figure>\n\n\n\n<div style=\"height:20px\" aria-hidden=\"true\" class=\"wp-block-spacer\"><\/div>\n\n\n\n<p>Vakaro metu muziej\u0173 pristat\u0117 gausi muziejaus \u201eDing\u0119s \u0161tetlas\u201c komanda:<br>muziejaus direktorius Jonas Dovydaitis,<br>edukacij\u0173 vadov\u0117 dr. Jolanta Mickut\u0117,<br>vyriausioji kurator\u0117 Sandra Petrukonyt\u0117,<br>gidas Lukas Jank\u016bnas,<br>patariamosios valdybos nar\u0117 prof. Ruth Leiserowitz.<br>Pokalb\u012f moderavo muziejaus komunikacijos vadov\u0117 Marija Dautartait\u0117.<\/p>\n\n\n\n<div style=\"height:20px\" aria-hidden=\"true\" class=\"wp-block-spacer\"><\/div>\n\n\n\n<figure class=\"wp-block-image size-large\"><img loading=\"lazy\" decoding=\"async\" width=\"1024\" height=\"718\" src=\"https:\/\/blog.lnb.lt\/vilniusjewishpubliclibrary\/files\/2026\/03\/DingesStetlas-9451web-1024x718.jpg\" alt=\"\" class=\"wp-image-26958\" srcset=\"https:\/\/blog.lnb.lt\/vilniusjewishpubliclibrary\/files\/2026\/03\/DingesStetlas-9451web-1024x718.jpg 1024w, https:\/\/blog.lnb.lt\/vilniusjewishpubliclibrary\/files\/2026\/03\/DingesStetlas-9451web-300x210.jpg 300w, https:\/\/blog.lnb.lt\/vilniusjewishpubliclibrary\/files\/2026\/03\/DingesStetlas-9451web-768x538.jpg 768w, https:\/\/blog.lnb.lt\/vilniusjewishpubliclibrary\/files\/2026\/03\/DingesStetlas-9451web.jpg 1311w\" sizes=\"auto, (max-width: 1024px) 100vw, 1024px\" \/><\/figure>\n\n\n\n<div style=\"height:20px\" aria-hidden=\"true\" class=\"wp-block-spacer\"><\/div>\n\n\n\n<p>Nuo\u0161ird\u017eiai d\u0117kojame muziejaus komandai u\u017e \u012ftraukiant\u012f pristatym\u0105, o susirinkusiems sve\u010diams \u2013 u\u017e aktyv\u0173 dalyvavim\u0105.<\/p>\n\n\n\n<div style=\"height:20px\" aria-hidden=\"true\" class=\"wp-block-spacer\"><\/div>\n\n\n\n<figure class=\"wp-block-image size-large\"><img loading=\"lazy\" decoding=\"async\" width=\"1024\" height=\"646\" src=\"https:\/\/blog.lnb.lt\/vilniusjewishpubliclibrary\/files\/2026\/03\/DingesStetlas-9430web-1024x646.jpg\" alt=\"\" class=\"wp-image-26959\" srcset=\"https:\/\/blog.lnb.lt\/vilniusjewishpubliclibrary\/files\/2026\/03\/DingesStetlas-9430web-1024x646.jpg 1024w, https:\/\/blog.lnb.lt\/vilniusjewishpubliclibrary\/files\/2026\/03\/DingesStetlas-9430web-300x189.jpg 300w, https:\/\/blog.lnb.lt\/vilniusjewishpubliclibrary\/files\/2026\/03\/DingesStetlas-9430web-768x484.jpg 768w, https:\/\/blog.lnb.lt\/vilniusjewishpubliclibrary\/files\/2026\/03\/DingesStetlas-9430web.jpg 1440w\" sizes=\"auto, (max-width: 1024px) 100vw, 1024px\" \/><\/figure>\n\n\n\n<p>Iki susitikimo muziejuje!<\/p>\n\n\n\n<p>\ud83d\udcf8 Milli Bzahav<\/p>\n\n\n\n<p><\/p>\n","protected":false},"excerpt":{"rendered":"<p>Vilniaus \u017eyd\u0173 vie\u0161osios bibliotekos sve\u010diai tur\u0117jo galimyb\u0119 i\u0161 ar\u010diau pa\u017einti nauj\u0105, i\u0161skirtin\u0119 kult\u016bros ir atminties viet\u0105 Lietuvoje \u2013 muziej\u0173 \u201eDing\u0119s \u0161tetlas\u201c. Nuo atidarymo 2025 met\u0173 rugs\u0117j\u012f \u0161is muziejus ne tik praturtino \u0161alies kult\u016brin\u012f \u017eem\u0117lap\u012f, bet ir tapo svarbiu tarptautinio d\u0117mesio centru. Per pusmet\u012f muziej\u0173 aplank\u0117 daugiau nei 40 000 lankytoj\u0173. \u201eDing\u0119s \u0161tetlas\u201c pasakoja apie tai, [&hellip;]<\/p>\n","protected":false},"author":146,"featured_media":26957,"comment_status":"open","ping_status":"open","sticky":false,"template":"","format":"standard","meta":{"inline_featured_image":false,"footnotes":""},"categories":[9],"tags":[],"class_list":["post-26956","post","type-post","status-publish","format-standard","has-post-thumbnail","hentry","category-naujienos"],"_links":{"self":[{"href":"https:\/\/blog.lnb.lt\/vilniusjewishpubliclibrary\/wp-json\/wp\/v2\/posts\/26956","targetHints":{"allow":["GET"]}}],"collection":[{"href":"https:\/\/blog.lnb.lt\/vilniusjewishpubliclibrary\/wp-json\/wp\/v2\/posts"}],"about":[{"href":"https:\/\/blog.lnb.lt\/vilniusjewishpubliclibrary\/wp-json\/wp\/v2\/types\/post"}],"author":[{"embeddable":true,"href":"https:\/\/blog.lnb.lt\/vilniusjewishpubliclibrary\/wp-json\/wp\/v2\/users\/146"}],"replies":[{"embeddable":true,"href":"https:\/\/blog.lnb.lt\/vilniusjewishpubliclibrary\/wp-json\/wp\/v2\/comments?post=26956"}],"version-history":[{"count":0,"href":"https:\/\/blog.lnb.lt\/vilniusjewishpubliclibrary\/wp-json\/wp\/v2\/posts\/26956\/revisions"}],"wp:featuredmedia":[{"embeddable":true,"href":"https:\/\/blog.lnb.lt\/vilniusjewishpubliclibrary\/wp-json\/wp\/v2\/media\/26957"}],"wp:attachment":[{"href":"https:\/\/blog.lnb.lt\/vilniusjewishpubliclibrary\/wp-json\/wp\/v2\/media?parent=26956"}],"wp:term":[{"taxonomy":"category","embeddable":true,"href":"https:\/\/blog.lnb.lt\/vilniusjewishpubliclibrary\/wp-json\/wp\/v2\/categories?post=26956"},{"taxonomy":"post_tag","embeddable":true,"href":"https:\/\/blog.lnb.lt\/vilniusjewishpubliclibrary\/wp-json\/wp\/v2\/tags?post=26956"}],"curies":[{"name":"wp","href":"https:\/\/api.w.org\/{rel}","templated":true}]}}