{"id":26993,"date":"2026-04-21T14:13:27","date_gmt":"2026-04-21T11:13:27","guid":{"rendered":"https:\/\/blog.lnb.lt\/vilniusjewishpubliclibrary\/?p=26993"},"modified":"2026-04-21T14:19:29","modified_gmt":"2026-04-21T11:19:29","slug":"balandzio-20-osios-vakara-izraelio-valstybe-mini-jom-hazikaron","status":"publish","type":"post","link":"https:\/\/blog.lnb.lt\/vilniusjewishpubliclibrary\/2026\/04\/21\/balandzio-20-osios-vakara-izraelio-valstybe-mini-jom-hazikaron\/","title":{"rendered":"Baland\u017eio 20 &#8211; osios vakar\u0105 Izraelio valstyb\u0117 mini  Jom HaZikaron"},"content":{"rendered":"\n<p><\/p>\n\n\n\n<p><strong>Tai labai svarbi nacionalin\u0117 diena, skirta pagerbti visus, kurie \u017euvo gindami Izraelio valstyb\u0119 arba tapo teroro aukomis. <\/strong><\/p>\n\n\n\n<div style=\"height:20px\" aria-hidden=\"true\" class=\"wp-block-spacer\"><\/div>\n\n\n\n<p><strong>Jos metu visoje \u0161alyje skamba sirenos, kurioms aidint \u017emon\u0117s sustoja ir tylos minute pagerbia \u017euvusiuosius. Rengiamos oficialios ceremonijos, lankomi kari\u0173 ir kit\u0173 \u017euvusi\u0173j\u0173 kapai, prisimenamos netektys ir j\u0173 istorijos. <em>78<\/em> &#8211; uosius metus netrukus prad\u0117sian\u010diai skai\u010diuoti valstybei \u0161i diena simbolizuoja vienyb\u0119, pagarb\u0105 ir kolektyvin\u0119 atmint\u012f. I\u0161kart po jos, baland\u017eio 21-osios vakar\u0105, prasid\u0117s <em>Jom Ha&#8217;atzmaut<\/em>  \u2013  Izraelio Nepriklausomyb\u0117s diena.<\/strong><\/p>\n\n\n\n<div style=\"height:20px\" aria-hidden=\"true\" class=\"wp-block-spacer\"><\/div>\n\n\n\n<p>\u0160ia proga verta priminti, kad <em>Vilniaus \u017eyd\u0173 vie\u0161ojoje bibliotekoje<\/em> turime atskir\u0105 skyri\u0173 su knygomis apie Izrael\u012f, jo istorij\u0105, \u017eymius \u017emones, formavusius \u0161alies likim\u0105, taip pat konfliktus ir karus. Knygos, kuriose slypi \u017einios, knygos, kuriose galima rasti atsakymus. Jei norite suprasti, pirmiausia turite pa\u017einti. Kvie\u010diame ateiti ir skaityti!<\/p>\n\n\n\n<div style=\"height:20px\" aria-hidden=\"true\" class=\"wp-block-spacer\"><\/div>\n\n\n\n<p>\ud83d\udcf8 Milli Bzahav<\/p>\n","protected":false},"excerpt":{"rendered":"<p>Tai labai svarbi nacionalin\u0117 diena, skirta pagerbti visus, kurie \u017euvo gindami Izraelio valstyb\u0119 arba tapo teroro aukomis. Jos metu visoje \u0161alyje skamba sirenos, kurioms aidint \u017emon\u0117s sustoja ir tylos minute pagerbia \u017euvusiuosius. Rengiamos oficialios ceremonijos, lankomi kari\u0173 ir kit\u0173 \u017euvusi\u0173j\u0173 kapai, prisimenamos netektys ir j\u0173 istorijos. 78 &#8211; uosius metus netrukus prad\u0117sian\u010diai skai\u010diuoti valstybei \u0161i [&hellip;]<\/p>\n","protected":false},"author":146,"featured_media":26994,"comment_status":"open","ping_status":"open","sticky":false,"template":"","format":"standard","meta":{"inline_featured_image":false,"footnotes":""},"categories":[9],"tags":[],"class_list":["post-26993","post","type-post","status-publish","format-standard","has-post-thumbnail","hentry","category-naujienos"],"_links":{"self":[{"href":"https:\/\/blog.lnb.lt\/vilniusjewishpubliclibrary\/wp-json\/wp\/v2\/posts\/26993","targetHints":{"allow":["GET"]}}],"collection":[{"href":"https:\/\/blog.lnb.lt\/vilniusjewishpubliclibrary\/wp-json\/wp\/v2\/posts"}],"about":[{"href":"https:\/\/blog.lnb.lt\/vilniusjewishpubliclibrary\/wp-json\/wp\/v2\/types\/post"}],"author":[{"embeddable":true,"href":"https:\/\/blog.lnb.lt\/vilniusjewishpubliclibrary\/wp-json\/wp\/v2\/users\/146"}],"replies":[{"embeddable":true,"href":"https:\/\/blog.lnb.lt\/vilniusjewishpubliclibrary\/wp-json\/wp\/v2\/comments?post=26993"}],"version-history":[{"count":0,"href":"https:\/\/blog.lnb.lt\/vilniusjewishpubliclibrary\/wp-json\/wp\/v2\/posts\/26993\/revisions"}],"wp:featuredmedia":[{"embeddable":true,"href":"https:\/\/blog.lnb.lt\/vilniusjewishpubliclibrary\/wp-json\/wp\/v2\/media\/26994"}],"wp:attachment":[{"href":"https:\/\/blog.lnb.lt\/vilniusjewishpubliclibrary\/wp-json\/wp\/v2\/media?parent=26993"}],"wp:term":[{"taxonomy":"category","embeddable":true,"href":"https:\/\/blog.lnb.lt\/vilniusjewishpubliclibrary\/wp-json\/wp\/v2\/categories?post=26993"},{"taxonomy":"post_tag","embeddable":true,"href":"https:\/\/blog.lnb.lt\/vilniusjewishpubliclibrary\/wp-json\/wp\/v2\/tags?post=26993"}],"curies":[{"name":"wp","href":"https:\/\/api.w.org\/{rel}","templated":true}]}}