{"id":27004,"date":"2026-04-24T17:01:35","date_gmt":"2026-04-24T14:01:35","guid":{"rendered":"https:\/\/blog.lnb.lt\/vilniusjewishpubliclibrary\/?p=27004"},"modified":"2026-04-24T17:01:35","modified_gmt":"2026-04-24T14:01:35","slug":"dokumentinio-filmo-aleksandro-stromo-laisves-horizontai-perziura","status":"publish","type":"post","link":"https:\/\/blog.lnb.lt\/vilniusjewishpubliclibrary\/2026\/04\/24\/dokumentinio-filmo-aleksandro-stromo-laisves-horizontai-perziura\/","title":{"rendered":"Dokumentinio filmo \u201eAleksandro \u0160tromo laisv\u0117s horizontai\u201c per\u017ei\u016bra"},"content":{"rendered":"\n<figure class=\"wp-block-image size-large\"><img loading=\"lazy\" decoding=\"async\" width=\"1024\" height=\"650\" src=\"https:\/\/blog.lnb.lt\/vilniusjewishpubliclibrary\/files\/2026\/04\/Stromo_vakaras-1632-1024x650.jpg\" alt=\"\" class=\"wp-image-27006\" srcset=\"https:\/\/blog.lnb.lt\/vilniusjewishpubliclibrary\/files\/2026\/04\/Stromo_vakaras-1632-1024x650.jpg 1024w, https:\/\/blog.lnb.lt\/vilniusjewishpubliclibrary\/files\/2026\/04\/Stromo_vakaras-1632-300x190.jpg 300w, https:\/\/blog.lnb.lt\/vilniusjewishpubliclibrary\/files\/2026\/04\/Stromo_vakaras-1632-768x487.jpg 768w, https:\/\/blog.lnb.lt\/vilniusjewishpubliclibrary\/files\/2026\/04\/Stromo_vakaras-1632.jpg 1440w\" sizes=\"auto, (max-width: 1024px) 100vw, 1024px\" \/><\/figure>\n\n\n\n<div style=\"height:20px\" aria-hidden=\"true\" class=\"wp-block-spacer\"><\/div>\n\n\n\n<p>Vakar <em>Vilniaus \u017eyd\u0173 vie\u0161ojoje bibliotekoje<\/em> pamin\u0117jome Aleksandro \u0160tromo 95-\u0105sias gimimo metines (gimimo data \u2013 \u0161i\u0173 met\u0173 baland\u017eio 4 d.). Vakar\u0105 prad\u0117jome dokumentinio filmo \u201eAleksandro \u0160tromo laisv\u0117s horizontai\u201c per\u017ei\u016bra, po kurios film\u0105 ir jo heroj\u0173 aptar\u0117me su prodiuseriu Sauliumi Sondeckiu ir animatoriumi Ilja Bereznicku. Apgailestavome, kad renginyje d\u0117l traumos negal\u0117jo dalyvauti filmo scenarijaus autor\u0117 Ona Biveinien\u0117, ta\u010diau d\u017eiaugiam\u0117s, kad prie pokalbio prisijung\u0117 artimas A. \u0160tromo bi\u010diulis ir bendra\u017eygis Tomas Venclova.<\/p>\n\n\n\n<figure class=\"wp-block-image size-large\"><img loading=\"lazy\" decoding=\"async\" width=\"1024\" height=\"683\" src=\"https:\/\/blog.lnb.lt\/vilniusjewishpubliclibrary\/files\/2026\/04\/Stromo_vakaras-1803-1024x683.jpg\" alt=\"\" class=\"wp-image-27007\" srcset=\"https:\/\/blog.lnb.lt\/vilniusjewishpubliclibrary\/files\/2026\/04\/Stromo_vakaras-1803-1024x683.jpg 1024w, https:\/\/blog.lnb.lt\/vilniusjewishpubliclibrary\/files\/2026\/04\/Stromo_vakaras-1803-300x200.jpg 300w, https:\/\/blog.lnb.lt\/vilniusjewishpubliclibrary\/files\/2026\/04\/Stromo_vakaras-1803-768x512.jpg 768w, https:\/\/blog.lnb.lt\/vilniusjewishpubliclibrary\/files\/2026\/04\/Stromo_vakaras-1803.jpg 1440w\" sizes=\"auto, (max-width: 1024px) 100vw, 1024px\" \/><\/figure>\n\n\n\n<div style=\"height:20px\" aria-hidden=\"true\" class=\"wp-block-spacer\"><\/div>\n\n\n\n<p>Renginyje taip pat dalyvavo ir pasisak\u0117 A. \u0160tromo gelb\u0117toj\u0173 &#8211; Macenavi\u010di\u0173 an\u016bk\u0117, pasidalijusi jautriais savo seneli\u0173 prisiminimais.<\/p>\n\n\n\n<figure class=\"wp-block-image size-large\"><img loading=\"lazy\" decoding=\"async\" width=\"1024\" height=\"683\" src=\"https:\/\/blog.lnb.lt\/vilniusjewishpubliclibrary\/files\/2026\/04\/Stromo_vakaras-1880-1024x683.jpg\" alt=\"\" class=\"wp-image-27011\" srcset=\"https:\/\/blog.lnb.lt\/vilniusjewishpubliclibrary\/files\/2026\/04\/Stromo_vakaras-1880-1024x683.jpg 1024w, https:\/\/blog.lnb.lt\/vilniusjewishpubliclibrary\/files\/2026\/04\/Stromo_vakaras-1880-300x200.jpg 300w, https:\/\/blog.lnb.lt\/vilniusjewishpubliclibrary\/files\/2026\/04\/Stromo_vakaras-1880-768x512.jpg 768w, https:\/\/blog.lnb.lt\/vilniusjewishpubliclibrary\/files\/2026\/04\/Stromo_vakaras-1880.jpg 1440w\" sizes=\"auto, (max-width: 1024px) 100vw, 1024px\" \/><\/figure>\n\n\n\n<div style=\"height:20px\" aria-hidden=\"true\" class=\"wp-block-spacer\"><\/div>\n\n\n\n<p>Vakaro sve\u010diai d\u017eiaug\u0117si galimybe geriau pa\u017einti Lietuvos intelektual\u0105, kuris asmeni\u0161kai i\u0161gyveno vienus tragi\u0161kiausi\u0173 XX a. \u012fvyki\u0173 \u2013 Holokaust\u0105 ir sovietin\u0117s ideologijos moralin\u0119 destrukcij\u0105, o pasaulio istorijoje \u012fsitvirtino kaip i\u0161 Lietuvos kil\u0119s auk\u0161\u010diausio lygio teisininkas, kriminologas ir politikos analitikas.<\/p>\n\n\n\n<div style=\"height:20px\" aria-hidden=\"true\" class=\"wp-block-spacer\"><\/div>\n\n\n\n<figure class=\"wp-block-image size-large\"><img loading=\"lazy\" decoding=\"async\" width=\"1024\" height=\"683\" src=\"https:\/\/blog.lnb.lt\/vilniusjewishpubliclibrary\/files\/2026\/04\/Stromo_vakaras-1906-1024x683.jpg\" alt=\"\" class=\"wp-image-27010\" srcset=\"https:\/\/blog.lnb.lt\/vilniusjewishpubliclibrary\/files\/2026\/04\/Stromo_vakaras-1906-1024x683.jpg 1024w, https:\/\/blog.lnb.lt\/vilniusjewishpubliclibrary\/files\/2026\/04\/Stromo_vakaras-1906-300x200.jpg 300w, https:\/\/blog.lnb.lt\/vilniusjewishpubliclibrary\/files\/2026\/04\/Stromo_vakaras-1906-768x512.jpg 768w, https:\/\/blog.lnb.lt\/vilniusjewishpubliclibrary\/files\/2026\/04\/Stromo_vakaras-1906.jpg 1440w\" sizes=\"auto, (max-width: 1024px) 100vw, 1024px\" \/><\/figure>\n\n\n\n<div style=\"height:20px\" aria-hidden=\"true\" class=\"wp-block-spacer\"><\/div>\n\n\n\n<figure class=\"wp-block-image size-large\"><img loading=\"lazy\" decoding=\"async\" width=\"1024\" height=\"683\" src=\"https:\/\/blog.lnb.lt\/vilniusjewishpubliclibrary\/files\/2026\/04\/Stromo_vakaras-1945-1024x683.jpg\" alt=\"\" class=\"wp-image-27008\" srcset=\"https:\/\/blog.lnb.lt\/vilniusjewishpubliclibrary\/files\/2026\/04\/Stromo_vakaras-1945-1024x683.jpg 1024w, https:\/\/blog.lnb.lt\/vilniusjewishpubliclibrary\/files\/2026\/04\/Stromo_vakaras-1945-300x200.jpg 300w, https:\/\/blog.lnb.lt\/vilniusjewishpubliclibrary\/files\/2026\/04\/Stromo_vakaras-1945-768x512.jpg 768w, https:\/\/blog.lnb.lt\/vilniusjewishpubliclibrary\/files\/2026\/04\/Stromo_vakaras-1945.jpg 1440w\" sizes=\"auto, (max-width: 1024px) 100vw, 1024px\" \/><\/figure>\n\n\n\n<div style=\"height:20px\" aria-hidden=\"true\" class=\"wp-block-spacer\"><\/div>\n\n\n\n<p>Renginio akimirkas u\u017efiksavo koleg\u0117 Milli Bzahav \ud83d\udc9bir labai pra\u0161ome Macenavi\u010di\u0173 an\u016bk\u0117s para\u0161yti mums el.p.\u00a0<a href=\"mailto:vzvb@lnb.lt\">vzvb@lnb.lt<\/a>. Labai norime palaikyti su Jumis ry\u0161\u012f!<\/p>\n\n\n\n<p><\/p>\n","protected":false},"excerpt":{"rendered":"<p>Vakar Vilniaus \u017eyd\u0173 vie\u0161ojoje bibliotekoje pamin\u0117jome Aleksandro \u0160tromo 95-\u0105sias gimimo metines (gimimo data \u2013 \u0161i\u0173 met\u0173 baland\u017eio 4 d.). Vakar\u0105 prad\u0117jome dokumentinio filmo \u201eAleksandro \u0160tromo laisv\u0117s horizontai\u201c per\u017ei\u016bra, po kurios film\u0105 ir jo heroj\u0173 aptar\u0117me su prodiuseriu Sauliumi Sondeckiu ir animatoriumi Ilja Bereznicku. Apgailestavome, kad renginyje d\u0117l traumos negal\u0117jo dalyvauti filmo scenarijaus autor\u0117 Ona Biveinien\u0117, [&hellip;]<\/p>\n","protected":false},"author":146,"featured_media":27005,"comment_status":"open","ping_status":"open","sticky":false,"template":"","format":"standard","meta":{"inline_featured_image":false,"footnotes":""},"categories":[9],"tags":[],"class_list":["post-27004","post","type-post","status-publish","format-standard","has-post-thumbnail","hentry","category-naujienos"],"_links":{"self":[{"href":"https:\/\/blog.lnb.lt\/vilniusjewishpubliclibrary\/wp-json\/wp\/v2\/posts\/27004","targetHints":{"allow":["GET"]}}],"collection":[{"href":"https:\/\/blog.lnb.lt\/vilniusjewishpubliclibrary\/wp-json\/wp\/v2\/posts"}],"about":[{"href":"https:\/\/blog.lnb.lt\/vilniusjewishpubliclibrary\/wp-json\/wp\/v2\/types\/post"}],"author":[{"embeddable":true,"href":"https:\/\/blog.lnb.lt\/vilniusjewishpubliclibrary\/wp-json\/wp\/v2\/users\/146"}],"replies":[{"embeddable":true,"href":"https:\/\/blog.lnb.lt\/vilniusjewishpubliclibrary\/wp-json\/wp\/v2\/comments?post=27004"}],"version-history":[{"count":0,"href":"https:\/\/blog.lnb.lt\/vilniusjewishpubliclibrary\/wp-json\/wp\/v2\/posts\/27004\/revisions"}],"wp:featuredmedia":[{"embeddable":true,"href":"https:\/\/blog.lnb.lt\/vilniusjewishpubliclibrary\/wp-json\/wp\/v2\/media\/27005"}],"wp:attachment":[{"href":"https:\/\/blog.lnb.lt\/vilniusjewishpubliclibrary\/wp-json\/wp\/v2\/media?parent=27004"}],"wp:term":[{"taxonomy":"category","embeddable":true,"href":"https:\/\/blog.lnb.lt\/vilniusjewishpubliclibrary\/wp-json\/wp\/v2\/categories?post=27004"},{"taxonomy":"post_tag","embeddable":true,"href":"https:\/\/blog.lnb.lt\/vilniusjewishpubliclibrary\/wp-json\/wp\/v2\/tags?post=27004"}],"curies":[{"name":"wp","href":"https:\/\/api.w.org\/{rel}","templated":true}]}}