{"id":27031,"date":"2026-04-27T14:56:51","date_gmt":"2026-04-27T11:56:51","guid":{"rendered":"https:\/\/blog.lnb.lt\/vilniusjewishpubliclibrary\/?p=27031"},"modified":"2026-04-27T15:07:28","modified_gmt":"2026-04-27T12:07:28","slug":"su-svente-brangus-medikai-%f0%9f%92%99","status":"publish","type":"post","link":"https:\/\/blog.lnb.lt\/vilniusjewishpubliclibrary\/2026\/04\/27\/su-svente-brangus-medikai-%f0%9f%92%99\/","title":{"rendered":"Su \u0161vente, brang\u016bs medikai! \ud83d\udc99"},"content":{"rendered":"\n<blockquote class=\"wp-block-quote is-layout-flow wp-block-quote-is-layout-flow\">\n<p><em>Brang\u016bs medikai &#8211; J\u016bs\u0173 atsidavimas, i\u0161mintis ir r\u016bpestis \u017emon\u0117mis kasdien sugr\u012f\u017eta pagarba, d\u0117kingumu ir stiprybe. A\u010di\u016b Jums u\u017e j\u016bs\u0173 svarb\u0173 darb\u0105!<\/em><\/p>\n<\/blockquote>\n\n\n\n<div style=\"height:20px\" aria-hidden=\"true\" class=\"wp-block-spacer\"><\/div>\n\n\n\n<p>Kvie\u010diame apsilandyti m\u016bs\u0173 <em>Vilniaus \u017eyd\u0173 vie\u0161ojoje bibliotekoje<\/em> ir susipa\u017einti su <strong><em>\u017eymi\u0173 \u017eyd\u0173 medik\u0173 istorijomis<\/em><\/strong> bei <strong><em>j\u0173 biografijomis<\/em><\/strong>.<\/p>\n\n\n\n<div style=\"height:20px\" aria-hidden=\"true\" class=\"wp-block-spacer\"><\/div>\n\n\n\n<p><\/p>\n","protected":false},"excerpt":{"rendered":"<p>Brang\u016bs medikai &#8211; J\u016bs\u0173 atsidavimas, i\u0161mintis ir r\u016bpestis \u017emon\u0117mis kasdien sugr\u012f\u017eta pagarba, d\u0117kingumu ir stiprybe. A\u010di\u016b Jums u\u017e j\u016bs\u0173 svarb\u0173 darb\u0105! Kvie\u010diame apsilandyti m\u016bs\u0173 Vilniaus \u017eyd\u0173 vie\u0161ojoje bibliotekoje ir susipa\u017einti su \u017eymi\u0173 \u017eyd\u0173 medik\u0173 istorijomis bei j\u0173 biografijomis.<\/p>\n","protected":false},"author":146,"featured_media":27032,"comment_status":"open","ping_status":"open","sticky":false,"template":"","format":"standard","meta":{"inline_featured_image":false,"footnotes":""},"categories":[9],"tags":[],"class_list":["post-27031","post","type-post","status-publish","format-standard","has-post-thumbnail","hentry","category-naujienos"],"_links":{"self":[{"href":"https:\/\/blog.lnb.lt\/vilniusjewishpubliclibrary\/wp-json\/wp\/v2\/posts\/27031","targetHints":{"allow":["GET"]}}],"collection":[{"href":"https:\/\/blog.lnb.lt\/vilniusjewishpubliclibrary\/wp-json\/wp\/v2\/posts"}],"about":[{"href":"https:\/\/blog.lnb.lt\/vilniusjewishpubliclibrary\/wp-json\/wp\/v2\/types\/post"}],"author":[{"embeddable":true,"href":"https:\/\/blog.lnb.lt\/vilniusjewishpubliclibrary\/wp-json\/wp\/v2\/users\/146"}],"replies":[{"embeddable":true,"href":"https:\/\/blog.lnb.lt\/vilniusjewishpubliclibrary\/wp-json\/wp\/v2\/comments?post=27031"}],"version-history":[{"count":0,"href":"https:\/\/blog.lnb.lt\/vilniusjewishpubliclibrary\/wp-json\/wp\/v2\/posts\/27031\/revisions"}],"wp:featuredmedia":[{"embeddable":true,"href":"https:\/\/blog.lnb.lt\/vilniusjewishpubliclibrary\/wp-json\/wp\/v2\/media\/27032"}],"wp:attachment":[{"href":"https:\/\/blog.lnb.lt\/vilniusjewishpubliclibrary\/wp-json\/wp\/v2\/media?parent=27031"}],"wp:term":[{"taxonomy":"category","embeddable":true,"href":"https:\/\/blog.lnb.lt\/vilniusjewishpubliclibrary\/wp-json\/wp\/v2\/categories?post=27031"},{"taxonomy":"post_tag","embeddable":true,"href":"https:\/\/blog.lnb.lt\/vilniusjewishpubliclibrary\/wp-json\/wp\/v2\/tags?post=27031"}],"curies":[{"name":"wp","href":"https:\/\/api.w.org\/{rel}","templated":true}]}}